{"id":98,"date":"2011-01-24T17:51:01","date_gmt":"2011-01-24T19:51:01","guid":{"rendered":"http:\/\/www.encontrasaobernardo.com.br\/noticias\/?p=98"},"modified":"2019-04-12T16:45:21","modified_gmt":"2019-04-12T19:45:21","slug":"suspeito-de-roubo-a-predio-de-lula-em-sao-bernardo-e-preso","status":"publish","type":"post","link":"https:\/\/www.encontrasaobernardo.com.br\/sobre\/suspeito-de-roubo-a-predio-de-lula-em-sao-bernardo-e-preso\/","title":{"rendered":"Suspeito de roubo a pr\u00e9dio de Lula em S\u00e3o Bernardo \u00e9 preso"},"content":{"rendered":"<div class=\"b7a9cc72b38518383f4213f1240ff05a\" data-index=\"1\" style=\"float: none; margin:0px;\">\n<!-- Anuncio display - global -->\r\n<ins class=\"adsbygoogle\"\r\n     style=\"display:block\"\r\n     data-ad-client=\"ca-pub-8585364105181520\"\r\n     data-ad-slot=\"8789329856\"\r\n     data-ad-format=\"auto\"\r\n     data-full-width-responsive=\"true\"><\/ins>\r\n<script>\r\n     (adsbygoogle = window.adsbygoogle || []).push({});\r\n<\/script>\n<\/div>\n<p>Policiais civis prenderam na madrugada desta sexta-feira, 21, no\u00a0bairro da Mooca,\u00a0zona leste de sp, o ajudante Maur\u00edcio Pereira da Luz, de 27 anos. Ele \u00e9 acusado de ser um dos quatro assaltantes que invadiram o pr\u00e9dio onde mora o ex-presidente Luiz In\u00e1cio Lula da Silva, em\u00a0S\u00e3o Bernardo do Campo, no ABC, e roubaram um morador. O crime ocorreu em novembro do ano passado. O suspeito foi detido por investigadores da regi\u00e3o enquanto caminhava na rua. Tr\u00eas criminosos ainda est\u00e3o soltos.<\/p>\n<p>Segundo a Secretaria da Seguran\u00e7a P\u00fablica (SSP), policiais conseguiram descobrir que, logo ap\u00f3s o crime, Luz fugiu de carro para a Bahia, onde teria alguns parentes, e h\u00e1 nove dias retornou para S\u00e3o Paulo, e acabou surpreendido pela equipe do 70\u00ba Distrito Policial (Sapopemba).<\/p>\n<p>Ainda ontem, a v\u00edtima do roubo ao apartamento, um funcion\u00e1rio do setor de finan\u00e7as da Secretaria Municipal de Esportes da prefeitura de S\u00e3o Bernardo, esteve na delegacia e reconheceu Luz como o autor do crime em seu im\u00f3vel, localizado na Avenida Prestes Maia. No dia da invas\u00e3o, a v\u00edtima, que tem 44 anos, contou que seu ve\u00edculo Polo foi abordado por um Corsa preto e uma Saveiro vermelha. Dois dos quatro assaltantes usavam camisetas com inscri\u00e7\u00f5es da Pol\u00edcia Civil, o que n\u00e3o levantou suspeitas.<\/p>\n<p>O funcion\u00e1rio da prefeitura foi obrigado a descer de seu carro e a entrar em um dos ve\u00edculos dos criminosos. Ele foi levado por dois ladr\u00f5es para o pr\u00e9dio. No meio do caminho, os criminosos mostraram um cintur\u00e3o para a v\u00edtima e disseram que se tratava de uma bomba que poderia ser usada contra ele em caso de rea\u00e7\u00e3o. O grupo ainda amea\u00e7ou matar os filhos dele e seu motorista, caso n\u00e3o lhes desse dinheiro. No mesmo instante, o motorista da v\u00edtima ficou ref\u00e9m dos outros dois integrantes do bando.<\/p>\n<p>Para acessar a garagem do pr\u00e9dio de classe m\u00e9dia n\u00e3o houve muitas dificuldades. Um porteiro viu a v\u00edtima no carro dos criminosos, mas pensou que ele estava com conhecidos. Os assaltantes pegaram o elevador com a v\u00edtima e subiram at\u00e9 o 9\u00ba andar, apenas tr\u00eas abaixo da cobertura do ex-presidente Lula.<\/p>\n<p>Os criminosos levaram R$ 8 mil do apartamento. Depois do crime, sa\u00edram do pr\u00e9dio com a v\u00edtima levando junto seu motorista. Os dois foram libertados numa estrada de terra. Nenhum deles teve ferimentos.<\/p>\n<p><em>Fonte: Jornal da Tarde<\/em><\/p>\n\n<div style=\"font-size: 0px; height: 0px; line-height: 0px; margin: 0; padding: 0; clear: both;\"><\/div>","protected":false},"excerpt":{"rendered":"<p>Policiais civis prenderam na madrugada desta sexta-feira, 21, no\u00a0bairro da Mooca,\u00a0zona leste de sp, o ajudante Maur\u00edcio Pereira da Luz, de 27 anos. Ele \u00e9 acusado de ser um dos quatro assaltantes que invadiram o pr\u00e9dio onde mora o ex-presidente Luiz In\u00e1cio Lula da Silva, em\u00a0S\u00e3o Bernardo do Campo, no ABC, e roubaram um morador. O crime ocorreu em novembro do ano passado. O suspeito foi detido por investigadores da regi\u00e3o enquanto caminhava na rua. Tr\u00eas criminosos ainda est\u00e3o soltos. Segundo a Secretaria da Seguran\u00e7a P\u00fablica (SSP), policiais conseguiram descobrir que, logo ap\u00f3s o crime, Luz fugiu de carro para <\/p>\n","protected":false},"author":1,"featured_media":0,"comment_status":"open","ping_status":"closed","sticky":false,"template":"","format":"standard","meta":{"footnotes":""},"categories":[6],"tags":[14],"class_list":["post-98","post","type-post","status-publish","format-standard","hentry","category-noticias-em-sao-bernardo","tag-sao-bernardo"],"aioseo_notices":[],"_links":{"self":[{"href":"https:\/\/www.encontrasaobernardo.com.br\/sobre\/wp-json\/wp\/v2\/posts\/98","targetHints":{"allow":["GET"]}}],"collection":[{"href":"https:\/\/www.encontrasaobernardo.com.br\/sobre\/wp-json\/wp\/v2\/posts"}],"about":[{"href":"https:\/\/www.encontrasaobernardo.com.br\/sobre\/wp-json\/wp\/v2\/types\/post"}],"author":[{"embeddable":true,"href":"https:\/\/www.encontrasaobernardo.com.br\/sobre\/wp-json\/wp\/v2\/users\/1"}],"replies":[{"embeddable":true,"href":"https:\/\/www.encontrasaobernardo.com.br\/sobre\/wp-json\/wp\/v2\/comments?post=98"}],"version-history":[{"count":0,"href":"https:\/\/www.encontrasaobernardo.com.br\/sobre\/wp-json\/wp\/v2\/posts\/98\/revisions"}],"wp:attachment":[{"href":"https:\/\/www.encontrasaobernardo.com.br\/sobre\/wp-json\/wp\/v2\/media?parent=98"}],"wp:term":[{"taxonomy":"category","embeddable":true,"href":"https:\/\/www.encontrasaobernardo.com.br\/sobre\/wp-json\/wp\/v2\/categories?post=98"},{"taxonomy":"post_tag","embeddable":true,"href":"https:\/\/www.encontrasaobernardo.com.br\/sobre\/wp-json\/wp\/v2\/tags?post=98"}],"curies":[{"name":"wp","href":"https:\/\/api.w.org\/{rel}","templated":true}]}}