{"id":931,"date":"2012-07-04T00:45:36","date_gmt":"2012-07-04T03:45:36","guid":{"rendered":"http:\/\/www.encontrasaobernardo.com.br\/noticias\/?p=931"},"modified":"2019-04-12T16:42:34","modified_gmt":"2019-04-12T19:42:34","slug":"sao-bernardo-traz-cinema-nas-ferias","status":"publish","type":"post","link":"https:\/\/www.encontrasaobernardo.com.br\/sobre\/sao-bernardo-traz-cinema-nas-ferias\/","title":{"rendered":"S\u00e3o Bernardo traz cinema nas f\u00e9rias"},"content":{"rendered":"<div class=\"b7a9cc72b38518383f4213f1240ff05a\" data-index=\"1\" style=\"float: none; margin:0px;\">\n<!-- Anuncio display - global -->\r\n<ins class=\"adsbygoogle\"\r\n     style=\"display:block\"\r\n     data-ad-client=\"ca-pub-8585364105181520\"\r\n     data-ad-slot=\"8789329856\"\r\n     data-ad-format=\"auto\"\r\n     data-full-width-responsive=\"true\"><\/ins>\r\n<script>\r\n     (adsbygoogle = window.adsbygoogle || []).push({});\r\n<\/script>\n<\/div>\n<p>A chegada das f\u00e9rias escolares de julho movimenta a programa\u00e7\u00e3o do Teatro Elis Regina (Avenida Jo\u00e3o Firmino, 900. Tel.: 4351-3479), em S\u00e3o Bernardo. Mas, ao contr\u00e1rio do que se imagina, o espa\u00e7o\u00a0cultural\u00a0n\u00e3o ficar\u00e1 restrito a trazer espet\u00e1culos c\u00eanicos. O local passa a abrigar amanh\u00e3 o projeto &#8216;Cinem\u00e3o nas F\u00e9rias&#8217;, que re\u00fane grandes sucessos das telonas capazes de divertir diferentes idades.<\/p>\n<p>As sess\u00f5es ocorrem sempre \u00e0s quartas-feiras, no per\u00edodo da tarde, e somente neste m\u00eas. A programa\u00e7\u00e3o gratuita traz t\u00edtulos infantis no primeiro hor\u00e1rio e dedica a segunda exibi\u00e7\u00e3o para os adolescentes.<\/p>\n<p>A abertura da atra\u00e7\u00e3o fica a cargo do sucesso &#8216;Rio&#8217; (2011), a partir das 15h. No desenho animado, o diretor brasileiro Carlos Saldanha presta homenagem \u00e0 sua terra natal e faz do Rio de Janeiro cen\u00e1rio de aventura. A trama acompanha a ararinha-azul Blu, que cresce domesticada em cidade dos Estados Unidos. Sua dona \u00e9 convidada a viajar \u00e0 Cidade Maravilhosa para levar Blue para conhecer a f\u00eamea Jade, mas as aves acabam sequestradas.<\/p>\n<p>Logo ap\u00f3s, \u00e0s 18h, entra em cartaz &#8216;Piratas do Caribe &#8211; Navegando em \u00c1guas Misteriosas&#8217; (2011), de Rob Marshall. O quarto cap\u00edtulo da franquia apresenta o capit\u00e3o Jack Sparrow (Johnny Depp) em jornada pelos\u00a0mares\u00a0que o levar\u00e1 at\u00e9 a lend\u00e1ria fonte da juventude. Por\u00e9m, o perigoso pirata Barba Negra (Ian McShane) ir\u00e1 cruzar o caminho de sua tripula\u00e7\u00e3o.<\/p>\n<p>Mais informa\u00e7\u00f5es est\u00e3o na agenda cultural do\u00a0site\u00a0da Prefeitura de S\u00e3o Bernardo \u00a0(saobernardo.sp.gov.br).<\/p>\n<p><em>Fonte: Di\u00e1rio do Grande ABC<\/em><\/p>\n\n<div style=\"font-size: 0px; height: 0px; line-height: 0px; margin: 0; padding: 0; clear: both;\"><\/div>","protected":false},"excerpt":{"rendered":"<p>A chegada das f\u00e9rias escolares de julho movimenta a programa\u00e7\u00e3o do Teatro Elis Regina (Avenida Jo\u00e3o Firmino, 900. Tel.: 4351-3479), em S\u00e3o Bernardo. Mas, ao contr\u00e1rio do que se imagina, o espa\u00e7o\u00a0cultural\u00a0n\u00e3o ficar\u00e1 restrito a trazer espet\u00e1culos c\u00eanicos. O local passa a abrigar amanh\u00e3 o projeto &#8216;Cinem\u00e3o nas F\u00e9rias&#8217;, que re\u00fane grandes sucessos das telonas capazes de divertir diferentes idades. As sess\u00f5es ocorrem sempre \u00e0s quartas-feiras, no per\u00edodo da tarde, e somente neste m\u00eas. A programa\u00e7\u00e3o gratuita traz t\u00edtulos infantis no primeiro hor\u00e1rio e dedica a segunda exibi\u00e7\u00e3o para os adolescentes. A abertura da atra\u00e7\u00e3o fica a cargo do sucesso <\/p>\n","protected":false},"author":1,"featured_media":0,"comment_status":"open","ping_status":"closed","sticky":false,"template":"","format":"standard","meta":{"footnotes":""},"categories":[6],"tags":[15],"class_list":["post-931","post","type-post","status-publish","format-standard","hentry","category-noticias-em-sao-bernardo","tag-sao-bernardo-do-campo"],"aioseo_notices":[],"_links":{"self":[{"href":"https:\/\/www.encontrasaobernardo.com.br\/sobre\/wp-json\/wp\/v2\/posts\/931","targetHints":{"allow":["GET"]}}],"collection":[{"href":"https:\/\/www.encontrasaobernardo.com.br\/sobre\/wp-json\/wp\/v2\/posts"}],"about":[{"href":"https:\/\/www.encontrasaobernardo.com.br\/sobre\/wp-json\/wp\/v2\/types\/post"}],"author":[{"embeddable":true,"href":"https:\/\/www.encontrasaobernardo.com.br\/sobre\/wp-json\/wp\/v2\/users\/1"}],"replies":[{"embeddable":true,"href":"https:\/\/www.encontrasaobernardo.com.br\/sobre\/wp-json\/wp\/v2\/comments?post=931"}],"version-history":[{"count":0,"href":"https:\/\/www.encontrasaobernardo.com.br\/sobre\/wp-json\/wp\/v2\/posts\/931\/revisions"}],"wp:attachment":[{"href":"https:\/\/www.encontrasaobernardo.com.br\/sobre\/wp-json\/wp\/v2\/media?parent=931"}],"wp:term":[{"taxonomy":"category","embeddable":true,"href":"https:\/\/www.encontrasaobernardo.com.br\/sobre\/wp-json\/wp\/v2\/categories?post=931"},{"taxonomy":"post_tag","embeddable":true,"href":"https:\/\/www.encontrasaobernardo.com.br\/sobre\/wp-json\/wp\/v2\/tags?post=931"}],"curies":[{"name":"wp","href":"https:\/\/api.w.org\/{rel}","templated":true}]}}