{"id":926,"date":"2012-07-02T00:01:36","date_gmt":"2012-07-02T03:01:36","guid":{"rendered":"http:\/\/www.encontrasaobernardo.com.br\/noticias\/?p=926"},"modified":"2019-04-12T16:42:34","modified_gmt":"2019-04-12T19:42:34","slug":"reforma-e-ampliacao-da-ubs-vila-marchi-comecam-hoje-em-sao-bernardo","status":"publish","type":"post","link":"https:\/\/www.encontrasaobernardo.com.br\/sobre\/reforma-e-ampliacao-da-ubs-vila-marchi-comecam-hoje-em-sao-bernardo\/","title":{"rendered":"Reforma e amplia\u00e7\u00e3o da UBS Vila Marchi come\u00e7am hoje em S\u00e3o Bernardo"},"content":{"rendered":"<div class=\"b7a9cc72b38518383f4213f1240ff05a\" data-index=\"1\" style=\"float: none; margin:0px;\">\n<!-- Anuncio display - global -->\r\n<ins class=\"adsbygoogle\"\r\n     style=\"display:block\"\r\n     data-ad-client=\"ca-pub-8585364105181520\"\r\n     data-ad-slot=\"8789329856\"\r\n     data-ad-format=\"auto\"\r\n     data-full-width-responsive=\"true\"><\/ins>\r\n<script>\r\n     (adsbygoogle = window.adsbygoogle || []).push({});\r\n<\/script>\n<\/div>\n<p>Demanda aprovada no Or\u00e7amento Participativo (OP) 2010, as obras de reforma e amplia\u00e7\u00e3o da Unidade B\u00e1sica de Sa\u00fade (UBS) Vila Marchi ter\u00e3o in\u00edcio hoje. A solenidade de assinatura da ordem de in\u00edcio de servi\u00e7o foi realizada nesta sexta (29), na pr\u00f3pria unidade, inaugurada h\u00e1 mais de 40 anos.<\/p>\n<p>Com a amplia\u00e7\u00e3o, a UBS passar\u00e1 dos atuais 695 m\u00b2 de \u00e1rea constru\u00edda para 907 m\u00b2. A obra \u00e9 a primeira da sa\u00fade a contar com recursos do Banco Interamericano de Desenvolvimento (BID). A dura\u00e7\u00e3o da reforma est\u00e1 estimada em seis meses.<\/p>\n<p>O projeto prev\u00ea fachada padronizada com p\u00f3rtico, instala\u00e7\u00e3o de oito cadeiras odontol\u00f3gicas com novos aparelhos, consult\u00f3rios m\u00e9dicos mais amplos, salas multiprofissionais, sala para agentes comunit\u00e1rios e apoiadores, brinquedoteca e sala para reuni\u00f5es comunit\u00e1rias, al\u00e9m de elevador, rampa de acesso para portadores de defici\u00eancia, banheiros adaptados, escov\u00f3dromo, sala de inala\u00e7\u00e3o e frald\u00e1rio.<\/p>\n<p>O pr\u00e9dio atual apresenta problemas estruturais, como goteiras, rachaduras, mofo nas paredes e rede el\u00e9trica deficiente, bem como consult\u00f3rios e espa\u00e7os acanhados e insuficientes.<\/p>\n<p>Para o secret\u00e1rio de Sa\u00fade, que representou o prefeito na solenidade, a Administra\u00e7\u00e3o, a exemplo de todas as outras obras realizadas na cidade, ser\u00e1 muito exigente com a empreiteira, tanto na qualidade dos servi\u00e7os quanto no cronograma. &#8220;Esta reforma foi elencada como uma das tr\u00eas prioridades pela comunidade da regi\u00e3o e hoje estamos honrando esse compromisso. Vamos ter aqui, inclusive, consult\u00f3rios melhores que muitos da rede privada&#8221;, destacou.<\/p>\n<p>Equipe mais ampla \u2013 A equipe tamb\u00e9m ser\u00e1 refor\u00e7ada, permitindo a amplia\u00e7\u00e3o do programa Estrat\u00e9gia de Sa\u00fade da Fam\u00edlia e implanta\u00e7\u00e3o do servi\u00e7o de sa\u00fade bucal. Atualmente, h\u00e1 tr\u00eas equipes da Sa\u00fade da Fam\u00edlia e passar\u00e3o a ser quatro, com mais um m\u00e9dico generalista, totalizando quatro especialistas. A sa\u00fade bucal contar\u00e1 com quatro equipes compostas por quatro dentistas e quatro t\u00e9cnicos. Antes, havia apenas um dentista.<\/p>\n<p>Com um cadastro de 36.795 usu\u00e1rios, a unidade registra mensalmente mais de dois mil atendimentos, entre consultas m\u00e9dicas e procedimentos de enfermagem. Cerca de 20 bairros s\u00e3o cobertos pela UBS. Ao todo, ela re\u00fane mais de 80 profissionais, entre ginecologistas, pediatras, enfermeiros, auxiliares de enfermagem, t\u00e9cnicos de enfermagem, farmac\u00eautico, auxiliar de farm\u00e1cia, psic\u00f3logo, agente de controle de endemias, agentes comunit\u00e1rios de sa\u00fade, administrativo e operacional.<\/p>\n<p>As pr\u00f3ximas unidades a serem entregues s\u00e3o a Alves Dias (2) e a Parque S\u00e3o Bernardo (4). Tamb\u00e9m na pr\u00f3xima semana ser\u00e3o iniciadas as obras das UBSs Farina, Jordan\u00f3polis, Demarchi, Riacho Grande, Uni\u00e3o e Vila Euclides.<\/p>\n<p>A UBS Vila Marchi est\u00e1 localizada na Rua Nestor Moreira, 480, Bairro Alves Dias, mas enquanto durarem as interven\u00e7\u00f5es, o atendimento ser\u00e1 feito na Rua Eur\u00edpedes Barsanulfo, 535, Bairro Alves Dias.<\/p>\n<p><em>Fonte: Prefeitura Municipal de S\u00e3o Bernardo<\/em><\/p>\n\n<div style=\"font-size: 0px; height: 0px; line-height: 0px; margin: 0; padding: 0; clear: both;\"><\/div>","protected":false},"excerpt":{"rendered":"<p>Demanda aprovada no Or\u00e7amento Participativo (OP) 2010, as obras de reforma e amplia\u00e7\u00e3o da Unidade B\u00e1sica de Sa\u00fade (UBS) Vila Marchi ter\u00e3o in\u00edcio hoje. A solenidade de assinatura da ordem de in\u00edcio de servi\u00e7o foi realizada nesta sexta (29), na pr\u00f3pria unidade, inaugurada h\u00e1 mais de 40 anos. Com a amplia\u00e7\u00e3o, a UBS passar\u00e1 dos atuais 695 m\u00b2 de \u00e1rea constru\u00edda para 907 m\u00b2. A obra \u00e9 a primeira da sa\u00fade a contar com recursos do Banco Interamericano de Desenvolvimento (BID). A dura\u00e7\u00e3o da reforma est\u00e1 estimada em seis meses. O projeto prev\u00ea fachada padronizada com p\u00f3rtico, instala\u00e7\u00e3o de oito <\/p>\n","protected":false},"author":1,"featured_media":0,"comment_status":"open","ping_status":"closed","sticky":false,"template":"","format":"standard","meta":{"footnotes":""},"categories":[6],"tags":[15],"class_list":["post-926","post","type-post","status-publish","format-standard","hentry","category-noticias-em-sao-bernardo","tag-sao-bernardo-do-campo"],"aioseo_notices":[],"_links":{"self":[{"href":"https:\/\/www.encontrasaobernardo.com.br\/sobre\/wp-json\/wp\/v2\/posts\/926","targetHints":{"allow":["GET"]}}],"collection":[{"href":"https:\/\/www.encontrasaobernardo.com.br\/sobre\/wp-json\/wp\/v2\/posts"}],"about":[{"href":"https:\/\/www.encontrasaobernardo.com.br\/sobre\/wp-json\/wp\/v2\/types\/post"}],"author":[{"embeddable":true,"href":"https:\/\/www.encontrasaobernardo.com.br\/sobre\/wp-json\/wp\/v2\/users\/1"}],"replies":[{"embeddable":true,"href":"https:\/\/www.encontrasaobernardo.com.br\/sobre\/wp-json\/wp\/v2\/comments?post=926"}],"version-history":[{"count":0,"href":"https:\/\/www.encontrasaobernardo.com.br\/sobre\/wp-json\/wp\/v2\/posts\/926\/revisions"}],"wp:attachment":[{"href":"https:\/\/www.encontrasaobernardo.com.br\/sobre\/wp-json\/wp\/v2\/media?parent=926"}],"wp:term":[{"taxonomy":"category","embeddable":true,"href":"https:\/\/www.encontrasaobernardo.com.br\/sobre\/wp-json\/wp\/v2\/categories?post=926"},{"taxonomy":"post_tag","embeddable":true,"href":"https:\/\/www.encontrasaobernardo.com.br\/sobre\/wp-json\/wp\/v2\/tags?post=926"}],"curies":[{"name":"wp","href":"https:\/\/api.w.org\/{rel}","templated":true}]}}