{"id":917,"date":"2012-06-28T08:55:46","date_gmt":"2012-06-28T11:55:46","guid":{"rendered":"http:\/\/www.encontrasaobernardo.com.br\/noticias\/?p=917"},"modified":"2019-04-12T16:42:34","modified_gmt":"2019-04-12T19:42:34","slug":"sao-bernardo-parte-em-busca-do-bicampeonato-dos-jogos-regionais","status":"publish","type":"post","link":"https:\/\/www.encontrasaobernardo.com.br\/sobre\/sao-bernardo-parte-em-busca-do-bicampeonato-dos-jogos-regionais\/","title":{"rendered":"S\u00e3o Bernardo parte em busca do bicampeonato dos Jogos Regionais"},"content":{"rendered":"<div class=\"b7a9cc72b38518383f4213f1240ff05a\" data-index=\"1\" style=\"float: none; margin:0px;\">\n<!-- Anuncio display - global -->\r\n<ins class=\"adsbygoogle\"\r\n     style=\"display:block\"\r\n     data-ad-client=\"ca-pub-8585364105181520\"\r\n     data-ad-slot=\"8789329856\"\r\n     data-ad-format=\"auto\"\r\n     data-full-width-responsive=\"true\"><\/ins>\r\n<script>\r\n     (adsbygoogle = window.adsbygoogle || []).push({});\r\n<\/script>\n<\/div>\n<p>Depois de fazer hist\u00f3ria no ano passado com a conquista de um t\u00edtulo ap\u00f3s 38 anos, S\u00e3o Bernardo do Campo come\u00e7a na pr\u00f3xima quarta-feira (4) a luta pelo segundo trof\u00e9u seguido dos Jogos Regionais. A competi\u00e7\u00e3o ser\u00e1 realizada em Santo Andr\u00e9, mas dois equipamentos da cidade ser\u00e3o cedidos para a competi\u00e7\u00e3o: as piscinas da Associa\u00e7\u00e3o dos Funcion\u00e1rios P\u00fablicos para o biribol e o <a href=\"http:\/\/www.encontrasaobernardo.com.br\/sao-bernardo\/estadio-humberto-de-alencar-castelo-branco-sao-bernardo.shtml\" target=\"_blank\">Est\u00e1dio do Baet\u00e3o<\/a> para o futebol.<\/p>\n<p>A delega\u00e7\u00e3o s\u00e3o-bernardense ser\u00e1 numerosa: 486 atletas se juntar\u00e3o a 93 membros da comiss\u00e3o t\u00e9cnica e outros 41 integrantes da administra\u00e7\u00e3o e do departamento m\u00e9dico, totalizando 620 pessoas em busca de mais um t\u00edtulo para a cidade.<\/p>\n<p>Assim como no ano passado, S\u00e3o Bernardo \u00e9 uma das cidades favoritas para brigar pelas primeiras posi\u00e7\u00f5es, junto com Santos e S\u00e3o Caetano. &#8220;\u00c9 uma das competi\u00e7\u00f5es mais tradicionais de S\u00e3o Paulo e do Pa\u00eds. Uma boa campanha tamb\u00e9m mostra e valoriza o investimento do esporte e lazer na cidade&#8221;, afirma o secret\u00e1rio de Esportes e Lazer. &#8220;Al\u00e9m disso, incentiva o morador a praticar atividades esportivas&#8221;, completa.<\/p>\n<p>S\u00e3o Bernardo tem \u00f3timo hist\u00f3rico de conquistas em v\u00e1rios esportes dentro dos Jogos Regionais. A cidade prometer brigar pelas primeiras posi\u00e7\u00f5es em v\u00e1rias modalidades, como basquete, biribol, bocha, damas, futsal, handebol, malha, v\u00f4lei, xadrez e t\u00eanis\u00a0de mesa. &#8220;Estamos indo com 43 equipes, com uma delega\u00e7\u00e3o grande. Os advers\u00e1rios est\u00e3o muito bem preparados, mais do que no ano passado. Nossa meta \u00e9 ficar entre os tr\u00eas primeiros&#8221;, destaca o secret\u00e1rio.<\/p>\n<p>Primeiros jogos<strong> \u2013 <\/strong>A cerim\u00f4nia de abertura ser\u00e1 no dia 4, a partir das 19h, no Complexo Esportivo Pedro Dell\u2019Antonia, na Vila Pires. As primeiras partidas j\u00e1 ser\u00e3o disputadas no dia seguinte:<\/p>\n<p><strong>T\u00eanis Feminino<\/strong><br \/>\n8h \u2013 S\u00e3o Bernardo x Peru\u00edbe<\/p>\n<p><strong>Malha<\/strong><br \/>\n8h30 \u2013 S\u00e3o Bernardo x Ribeir\u00e3o Pires<\/p>\n<p><strong>Futebol masculino<\/strong><br \/>\n10h \u2013 S\u00e3o Bernardo x Diadema<\/p>\n<p><strong>Handebol feminino<\/strong><br \/>\n14h \u2013 S\u00e3o Bernardo x Itapevi<\/p>\n<p><strong>T\u00eanis Masculino<\/strong><br \/>\n15h \u2013 S\u00e3o Bernardo x Embu<\/p>\n<p><em>Fonte: Prefeitura de S\u00e3o Bernardo do Campo<\/em><\/p>\n\n<div style=\"font-size: 0px; height: 0px; line-height: 0px; margin: 0; padding: 0; clear: both;\"><\/div>","protected":false},"excerpt":{"rendered":"<p>Depois de fazer hist\u00f3ria no ano passado com a conquista de um t\u00edtulo ap\u00f3s 38 anos, S\u00e3o Bernardo do Campo come\u00e7a na pr\u00f3xima quarta-feira (4) a luta pelo segundo trof\u00e9u seguido dos Jogos Regionais. A competi\u00e7\u00e3o ser\u00e1 realizada em Santo Andr\u00e9, mas dois equipamentos da cidade ser\u00e3o cedidos para a competi\u00e7\u00e3o: as piscinas da Associa\u00e7\u00e3o dos Funcion\u00e1rios P\u00fablicos para o biribol e o Est\u00e1dio do Baet\u00e3o para o futebol. A delega\u00e7\u00e3o s\u00e3o-bernardense ser\u00e1 numerosa: 486 atletas se juntar\u00e3o a 93 membros da comiss\u00e3o t\u00e9cnica e outros 41 integrantes da administra\u00e7\u00e3o e do departamento m\u00e9dico, totalizando 620 pessoas em busca de <\/p>\n","protected":false},"author":1,"featured_media":0,"comment_status":"open","ping_status":"closed","sticky":false,"template":"","format":"standard","meta":{"footnotes":""},"categories":[6],"tags":[15],"class_list":["post-917","post","type-post","status-publish","format-standard","hentry","category-noticias-em-sao-bernardo","tag-sao-bernardo-do-campo"],"aioseo_notices":[],"_links":{"self":[{"href":"https:\/\/www.encontrasaobernardo.com.br\/sobre\/wp-json\/wp\/v2\/posts\/917","targetHints":{"allow":["GET"]}}],"collection":[{"href":"https:\/\/www.encontrasaobernardo.com.br\/sobre\/wp-json\/wp\/v2\/posts"}],"about":[{"href":"https:\/\/www.encontrasaobernardo.com.br\/sobre\/wp-json\/wp\/v2\/types\/post"}],"author":[{"embeddable":true,"href":"https:\/\/www.encontrasaobernardo.com.br\/sobre\/wp-json\/wp\/v2\/users\/1"}],"replies":[{"embeddable":true,"href":"https:\/\/www.encontrasaobernardo.com.br\/sobre\/wp-json\/wp\/v2\/comments?post=917"}],"version-history":[{"count":0,"href":"https:\/\/www.encontrasaobernardo.com.br\/sobre\/wp-json\/wp\/v2\/posts\/917\/revisions"}],"wp:attachment":[{"href":"https:\/\/www.encontrasaobernardo.com.br\/sobre\/wp-json\/wp\/v2\/media?parent=917"}],"wp:term":[{"taxonomy":"category","embeddable":true,"href":"https:\/\/www.encontrasaobernardo.com.br\/sobre\/wp-json\/wp\/v2\/categories?post=917"},{"taxonomy":"post_tag","embeddable":true,"href":"https:\/\/www.encontrasaobernardo.com.br\/sobre\/wp-json\/wp\/v2\/tags?post=917"}],"curies":[{"name":"wp","href":"https:\/\/api.w.org\/{rel}","templated":true}]}}