{"id":91,"date":"2011-01-18T17:43:10","date_gmt":"2011-01-18T19:43:10","guid":{"rendered":"http:\/\/www.encontrasaobernardo.com.br\/noticias\/?p=91"},"modified":"2019-04-12T16:45:22","modified_gmt":"2019-04-12T19:45:22","slug":"colisao-em-sao-bernardo-deixa-um-morto","status":"publish","type":"post","link":"https:\/\/www.encontrasaobernardo.com.br\/sobre\/colisao-em-sao-bernardo-deixa-um-morto\/","title":{"rendered":"Colis\u00e3o em S\u00e3o Bernardo deixa um morto"},"content":{"rendered":"<div class=\"b7a9cc72b38518383f4213f1240ff05a\" data-index=\"1\" style=\"float: none; margin:0px;\">\n<!-- Anuncio display - global -->\r\n<ins class=\"adsbygoogle\"\r\n     style=\"display:block\"\r\n     data-ad-client=\"ca-pub-8585364105181520\"\r\n     data-ad-slot=\"8789329856\"\r\n     data-ad-format=\"auto\"\r\n     data-full-width-responsive=\"true\"><\/ins>\r\n<script>\r\n     (adsbygoogle = window.adsbygoogle || []).push({});\r\n<\/script>\n<\/div>\n<p>Uma pessoa morreu hoje em uma colis\u00e3o envolvendo uma van e uma moto na Rodovia dos Imigrantes, no quil\u00f4metro 22,5, em S\u00e3o Bernardo do Campo, na Grande S\u00e3o Paulo. O acidente ocorreu por volta das 7 horas, no sentido S\u00e3o Paulo. As faixas central e da direita ficaram interditadas at\u00e9 aproximadamente as 8h30.<\/p>\n<p>No trecho de serra da Imigrantes, entre o quil\u00f4metro 52 e 49, sentido capital paulista, uma carreta quebrada causava lentid\u00e3o no local por volta das 10h30. A faixa da esquerda da via estava bloqueada.<\/p>\n<p>O Sistema Anchieta-Imigrantes (SAI) opera no esquema 5&#215;3. A descida \u00e9 feita pela pista norte da Anchieta e sul da Imigrantes. A subida \u00e9 realizada somente pela pista norte da Imigrantes. A pista sul da Anchieta est\u00e1 fechada para servi\u00e7os de manuten\u00e7\u00e3o.<\/p>\n<p><em>Fonte: Ag\u00eancia Estado<\/em><\/p>\n\n<div style=\"font-size: 0px; height: 0px; line-height: 0px; margin: 0; padding: 0; clear: both;\"><\/div>","protected":false},"excerpt":{"rendered":"<p>Uma pessoa morreu hoje em uma colis\u00e3o envolvendo uma van e uma moto na Rodovia dos Imigrantes, no quil\u00f4metro 22,5, em S\u00e3o Bernardo do Campo, na Grande S\u00e3o Paulo. O acidente ocorreu por volta das 7 horas, no sentido S\u00e3o Paulo. As faixas central e da direita ficaram interditadas at\u00e9 aproximadamente as 8h30. No trecho de serra da Imigrantes, entre o quil\u00f4metro 52 e 49, sentido capital paulista, uma carreta quebrada causava lentid\u00e3o no local por volta das 10h30. A faixa da esquerda da via estava bloqueada. O Sistema Anchieta-Imigrantes (SAI) opera no esquema 5&#215;3. A descida \u00e9 feita pela <\/p>\n","protected":false},"author":1,"featured_media":0,"comment_status":"open","ping_status":"closed","sticky":false,"template":"","format":"standard","meta":{"footnotes":""},"categories":[6],"tags":[14],"class_list":["post-91","post","type-post","status-publish","format-standard","hentry","category-noticias-em-sao-bernardo","tag-sao-bernardo"],"aioseo_notices":[],"_links":{"self":[{"href":"https:\/\/www.encontrasaobernardo.com.br\/sobre\/wp-json\/wp\/v2\/posts\/91","targetHints":{"allow":["GET"]}}],"collection":[{"href":"https:\/\/www.encontrasaobernardo.com.br\/sobre\/wp-json\/wp\/v2\/posts"}],"about":[{"href":"https:\/\/www.encontrasaobernardo.com.br\/sobre\/wp-json\/wp\/v2\/types\/post"}],"author":[{"embeddable":true,"href":"https:\/\/www.encontrasaobernardo.com.br\/sobre\/wp-json\/wp\/v2\/users\/1"}],"replies":[{"embeddable":true,"href":"https:\/\/www.encontrasaobernardo.com.br\/sobre\/wp-json\/wp\/v2\/comments?post=91"}],"version-history":[{"count":0,"href":"https:\/\/www.encontrasaobernardo.com.br\/sobre\/wp-json\/wp\/v2\/posts\/91\/revisions"}],"wp:attachment":[{"href":"https:\/\/www.encontrasaobernardo.com.br\/sobre\/wp-json\/wp\/v2\/media?parent=91"}],"wp:term":[{"taxonomy":"category","embeddable":true,"href":"https:\/\/www.encontrasaobernardo.com.br\/sobre\/wp-json\/wp\/v2\/categories?post=91"},{"taxonomy":"post_tag","embeddable":true,"href":"https:\/\/www.encontrasaobernardo.com.br\/sobre\/wp-json\/wp\/v2\/tags?post=91"}],"curies":[{"name":"wp","href":"https:\/\/api.w.org\/{rel}","templated":true}]}}