{"id":908,"date":"2012-06-22T00:20:56","date_gmt":"2012-06-22T03:20:56","guid":{"rendered":"http:\/\/www.encontrasaobernardo.com.br\/noticias\/?p=908"},"modified":"2019-04-12T16:42:35","modified_gmt":"2019-04-12T19:42:35","slug":"ceu-sao-pedro-em-sao-bernardo-tem-40-de-vagas-ociosas","status":"publish","type":"post","link":"https:\/\/www.encontrasaobernardo.com.br\/sobre\/ceu-sao-pedro-em-sao-bernardo-tem-40-de-vagas-ociosas\/","title":{"rendered":"CEU S\u00e3o Pedro em S\u00e3o Bernardo tem 40% de vagas ociosas"},"content":{"rendered":"<div class=\"b7a9cc72b38518383f4213f1240ff05a\" data-index=\"1\" style=\"float: none; margin:0px;\">\n<!-- Anuncio display - global -->\r\n<ins class=\"adsbygoogle\"\r\n     style=\"display:block\"\r\n     data-ad-client=\"ca-pub-8585364105181520\"\r\n     data-ad-slot=\"8789329856\"\r\n     data-ad-format=\"auto\"\r\n     data-full-width-responsive=\"true\"><\/ins>\r\n<script>\r\n     (adsbygoogle = window.adsbygoogle || []).push({});\r\n<\/script>\n<\/div>\n<p>Inaugurado h\u00e1 dois meses, o CEU (Complexo Educacional Unificado) S\u00e3o Pedro, batizado Regina Rocco Casa, ainda n\u00e3o opera com sua capacidade total. Cerca de 40% das vagas dispon\u00edveis ainda n\u00e3o foram preenchidas pelos alunos. Al\u00e9m disso, as atividades culturais e esportivas ainda n\u00e3o est\u00e3o dispon\u00edveis \u00e0 comunidade, porque a constru\u00e7\u00e3o do gin\u00e1sio de atletismo e do teatro n\u00e3o foi conclu\u00edda.<\/p>\n<p>A ociosidade foi revelada pela pr\u00f3pria Prefeitura de S\u00e3o Bernardo , na semana em que anunciou a inaugura\u00e7\u00e3o do segundo complexo educacional da cidade, no bairro Cooperativa. A cerim\u00f4nia de abertura do CEU Celso Daniel ser\u00e1 realizada no s\u00e1bado.<\/p>\n<p>Aberto em abril, o CEU S\u00e3o Pedro conta atualmente com 3.000 alunos matriculados, o que representa 60% de sua capacidade total, que \u00e9 de 5.168 vagas, segundo a secret\u00e1ria de Educa\u00e7\u00e3o de S\u00e3o Bernardo, Cleuza Repulho. A proposta \u00e9 aumentar o n\u00famero de alunos matriculados com o fim das transfer\u00eancias para a unidade, programadas para agosto &#8211; ap\u00f3s recesso de meio de ano. &#8220;Vamos encaixar a necessidade de atendimento de acordo com a demanda, por isso, precisamos deixar espa\u00e7os livres para esta amplia\u00e7\u00e3o&#8221;, esclarece a secret\u00e1ria.<\/p>\n<p>Crian\u00e7as que estudavam em unidades pr\u00f3ximas \u00e0s suas resid\u00eancias est\u00e3o sendo transferidas para o complexo, o que vem gerando descontentamento entre as m\u00e3es. Elas enfrentam dificuldades para levar os pequenos at\u00e9 o novo espa\u00e7o educacional (leia reportagem ao lado).<\/p>\n<p>As obras do gin\u00e1sio de atletismo e do teatro, inicialmente previstas para serem entregues neste m\u00eas, ficar\u00e3o para o segundo semestre. Com isso, as atividades s\u00f3 dever\u00e3o ser oferecidas aos moradores do entorno e a estudantes de outras escolas no fim do ano, ap\u00f3s o per\u00edodo eleitoral.<\/p>\n<p>Os CEUs de S\u00e3o Bernardo foram concebidos nos moldes das unidades projetadas pela ex-prefeita de S\u00e3o Paulo, Marta Suplicy. Cleuza Repulho explica que ser\u00e1 feita reuni\u00e3o com os mun\u00edcipes para estabelecer cronograma e programa\u00e7\u00e3o de atividades para a popula\u00e7\u00e3o.<\/p>\n<p>O megacomplexo educacional que atende a Vila S\u00e3o Pedro &#8211; mas est\u00e1 localizado, de fato, na Vila do Tanque &#8211; tem 48 mil m\u00b2 de \u00e1rea total, constru\u00eddo no antigo clube da Volks. Recebeu investimento de R$ 60 milh\u00f5es, sendo R$ 27 mih\u00f5es do governo federal. Al\u00e9m de 112 salas de aula para 184 turmas, quatro bibliotecas, teatro com 456 lugares, o espa\u00e7o tem gin\u00e1sio de gin\u00e1stica art\u00edstica, duas quadras poliesportivas, dois refeit\u00f3rios, vesti\u00e1rios e arquibancada para 150 pessoas.<\/p>\n<p>UNIDADES<\/p>\n<p>Outros dois CEUs t\u00eam previs\u00e3o de entrega at\u00e9 o fim do ano. A unidade do Jardim Silvina recebeu R$ 17,3 milh\u00f5es, e atender\u00e1 1.292 crian\u00e7as de 6 meses a 10 anos, divididas em 28 salas, enquanto que o espa\u00e7o no Parque Hawa\u00ed recebeu R$ 7,8 milh\u00f5es para a constru\u00e7\u00e3o de 28 salas, que atender\u00e3o 1.072 crian\u00e7as de 6 meses a 5 anos.<\/p>\n<p>Crian\u00e7as caminham at\u00e9 40 minutos para chegar ao complexo\u00a0<\/p>\n<p>Moradores de S\u00e3o Bernardo que t\u00eam filhos que estudam no CEU Regina Rocco Casa, na Vila do Tanque, elogiam a estrutura do complexo educacional, mas reclamam da falta de transporte escolar para alunos do Educa\u00e7\u00e3o Infantil. As aulas come\u00e7aram na segunda-feira e, com elas, a dificuldade de alguns pais e estudantes, que caminham por at\u00e9 40 minutos para chegar \u00e0 escola.<\/p>\n<p>A manicure V\u00e2nia Pereira, 27 anos, conta que o filho de 5 anos s\u00f3 vai para aula \u00e0s quartas e sextas-feiras, quando ela tem folga do trabalho. &#8220;Nos outros dias preciso trabalhar e n\u00e3o tenho como trazer&#8221;, lamenta a moradora da Vila S\u00e3o Pedro, distante 2,7 quil\u00f4metros do CEU, cerca de meia hora de caminhada. A ideia da manicure \u00e9 transferir o filho para a Emeb Irm\u00e3 Odete Maria Ramos Pinto, a 750 metros de sua casa. &#8220;Disseram que tenho de esperar quatro meses para fazer a transfer\u00eancia&#8221;, diz V\u00e2nia.<\/p>\n<p>No caso da dom\u00e9stica Sabrina Santos, 26, a caminhada at\u00e9 a escola demora cerca de 40 minutos, tendo em vista que mora na Vila S\u00e3o Pedro, a tr\u00eas quil\u00f4metros do CEU Regina Rocco Casa. &#8220;Pedi 15 dias de folga para meu patr\u00e3o para resolver esse problema do transporte, porque n\u00e3o estou conseguindo nem o particular&#8221;, observa.<\/p>\n<p>A Prefeitura de S\u00e3o Bernardo informou que os estudantes da Educa\u00e7\u00e3o Infantil (4 e 5 anos) que moram a mais de 1,5 quil\u00f4metro da escola ser\u00e3o atendidos com transporte escolar gratuito, mas n\u00e3o disse a partir de quando. Os que est\u00e3o na creche (de zero a 3 anos) n\u00e3o t\u00eam direito ao benef\u00edcio.<\/p>\n<p>TRANSFER\u00caNCIA<\/p>\n<p>Em outro caso, a Prefeitura voltou atr\u00e1s a respeito da transfer\u00eancia de 900 alunos do Ensino Fundamental da Emeb Marineida Meneguelli de Lucca, na Vila S\u00e3o Pedro, para o CEU Regina Rocco Casa. Pais reclamaram da dist\u00e2ncia e da falta de transporte escolar. Em reuni\u00e3o realizada no in\u00edcio do m\u00eas, eles puderam escolher o destino dos filhos.<\/p>\n<p>Centro educacional do Cooperativa beneficia 1.400 estudantes<\/p>\n<p>O CEU Celso Daniel beneficiar\u00e1 1.400 estudantes da creche em per\u00edodo integral, pr\u00e9-escola e Ensino Fundamental, al\u00e9m de oferecer atividades culturais e esportivas para a comunidade do bairro Cooperativa.<\/p>\n<p>Localizado pr\u00f3ximo ao Conjunto Habitacional Tr\u00eas Marias, o complexo educacional recebeu investimento de R$ 26,8 milh\u00f5es e atender\u00e1 crian\u00e7as que estavam em fila de espera por vaga em unidade de ensino ou que estudam em escolas distantes de casa, explica a secret\u00e1ria de Educa\u00e7\u00e3o de S\u00e3o Bernardo, Cleuza Repulho. &#8220;A unidade beneficiar\u00e1, sobretudo, os moradores do conjunto habitacional. Esse processo faz parte de reorganiza\u00e7\u00e3o de toda a rede de ensino&#8221;, diz.<\/p>\n<p>O CEU Celso Daniel tem 28 salas de aula, gin\u00e1sio de esportes, teatro e espa\u00e7o para cursos profissionalizantes. A expectativa da secret\u00e1ria \u00e9 oferecer programa\u00e7\u00e3o cultural e esportiva a partir de agosto.<\/p>\n<p>INAUGURA\u00c7\u00c3O<\/p>\n<p>O ex-presidente da Rep\u00fablica Luiz In\u00e1cio Lula da Silva (PT) n\u00e3o deve participar da inaugura\u00e7\u00e3o do CEU. Lula ainda est\u00e1 em recupera\u00e7\u00e3o ap\u00f3s tratamento m\u00e9dico para a retirada de tumor na laringe. &#8220;O Lula foi convidado, mas n\u00e3o sei se participar\u00e1, ele est\u00e1 precisando poupar a voz. Se ele for, vai acabar falando. \u00c9 melhor deix\u00e1-lo em casa&#8221;, disse o prefeito Luiz Marinho (PT).<\/p>\n<p>A ex-mulher do prefeito de Santo Andr\u00e9 Celso Daniel (PT), morto em 2002, Ivone Santana, e a filha dele, Liora Daniel, foram convidados e devem participar da solenidade. (Colaborou Rog\u00e9rio Santos)<\/p>\n<p><em>Fonte: Di\u00e1rio do Grande ABC<\/em><\/p>\n\n<div style=\"font-size: 0px; height: 0px; line-height: 0px; margin: 0; padding: 0; clear: both;\"><\/div>","protected":false},"excerpt":{"rendered":"<p>Inaugurado h\u00e1 dois meses, o CEU (Complexo Educacional Unificado) S\u00e3o Pedro, batizado Regina Rocco Casa, ainda n\u00e3o opera com sua capacidade total. Cerca de 40% das vagas dispon\u00edveis ainda n\u00e3o foram preenchidas pelos alunos. Al\u00e9m disso, as atividades culturais e esportivas ainda n\u00e3o est\u00e3o dispon\u00edveis \u00e0 comunidade, porque a constru\u00e7\u00e3o do gin\u00e1sio de atletismo e do teatro n\u00e3o foi conclu\u00edda. A ociosidade foi revelada pela pr\u00f3pria Prefeitura de S\u00e3o Bernardo , na semana em que anunciou a inaugura\u00e7\u00e3o do segundo complexo educacional da cidade, no bairro Cooperativa. A cerim\u00f4nia de abertura do CEU Celso Daniel ser\u00e1 realizada no s\u00e1bado. Aberto <\/p>\n","protected":false},"author":1,"featured_media":0,"comment_status":"open","ping_status":"closed","sticky":false,"template":"","format":"standard","meta":{"footnotes":""},"categories":[6],"tags":[15],"class_list":["post-908","post","type-post","status-publish","format-standard","hentry","category-noticias-em-sao-bernardo","tag-sao-bernardo-do-campo"],"aioseo_notices":[],"_links":{"self":[{"href":"https:\/\/www.encontrasaobernardo.com.br\/sobre\/wp-json\/wp\/v2\/posts\/908","targetHints":{"allow":["GET"]}}],"collection":[{"href":"https:\/\/www.encontrasaobernardo.com.br\/sobre\/wp-json\/wp\/v2\/posts"}],"about":[{"href":"https:\/\/www.encontrasaobernardo.com.br\/sobre\/wp-json\/wp\/v2\/types\/post"}],"author":[{"embeddable":true,"href":"https:\/\/www.encontrasaobernardo.com.br\/sobre\/wp-json\/wp\/v2\/users\/1"}],"replies":[{"embeddable":true,"href":"https:\/\/www.encontrasaobernardo.com.br\/sobre\/wp-json\/wp\/v2\/comments?post=908"}],"version-history":[{"count":0,"href":"https:\/\/www.encontrasaobernardo.com.br\/sobre\/wp-json\/wp\/v2\/posts\/908\/revisions"}],"wp:attachment":[{"href":"https:\/\/www.encontrasaobernardo.com.br\/sobre\/wp-json\/wp\/v2\/media?parent=908"}],"wp:term":[{"taxonomy":"category","embeddable":true,"href":"https:\/\/www.encontrasaobernardo.com.br\/sobre\/wp-json\/wp\/v2\/categories?post=908"},{"taxonomy":"post_tag","embeddable":true,"href":"https:\/\/www.encontrasaobernardo.com.br\/sobre\/wp-json\/wp\/v2\/tags?post=908"}],"curies":[{"name":"wp","href":"https:\/\/api.w.org\/{rel}","templated":true}]}}