{"id":906,"date":"2012-06-21T00:01:27","date_gmt":"2012-06-21T03:01:27","guid":{"rendered":"http:\/\/www.encontrasaobernardo.com.br\/noticias\/?p=906"},"modified":"2019-04-12T16:42:35","modified_gmt":"2019-04-12T19:42:35","slug":"sao-bernardo-improvisa-caps-no-alvarenga","status":"publish","type":"post","link":"https:\/\/www.encontrasaobernardo.com.br\/sobre\/sao-bernardo-improvisa-caps-no-alvarenga\/","title":{"rendered":"S\u00e3o Bernardo improvisa Caps no Alvarenga"},"content":{"rendered":"<div class=\"b7a9cc72b38518383f4213f1240ff05a\" data-index=\"1\" style=\"float: none; margin:0px;\">\n<!-- Anuncio display - global -->\r\n<ins class=\"adsbygoogle\"\r\n     style=\"display:block\"\r\n     data-ad-client=\"ca-pub-8585364105181520\"\r\n     data-ad-slot=\"8789329856\"\r\n     data-ad-format=\"auto\"\r\n     data-full-width-responsive=\"true\"><\/ins>\r\n<script>\r\n     (adsbygoogle = window.adsbygoogle || []).push({});\r\n<\/script>\n<\/div>\n<p>Os pacientes portadores de transtornos ps\u00edquicos de S\u00e3o Bernardo ganharam ontem mais um <a href=\"http:\/\/www.encontrasaobernardo.com.br\/sao-bernardo\/caps-centro-atencao-psicossocial-em-sao-bernardo.shtml\" target=\"_blank\">Caps 2 (Centro de Aten\u00e7\u00e3o Psicossocia<\/a>l), localizado no bairro Alvarenga, na Estrada dos Alvarenga, 3.268.<\/p>\n<p>A unidade, com espa\u00e7o reduzido e adaptado, ter\u00e1 funcionamento provis\u00f3rio. O objetivo da Prefeitura de S\u00e3o Bernardo \u00e9 aliviar a demanda dos dois Caps pr\u00f3ximos \u00e0 regi\u00e3o central, que funcionam 24 horas e aos fins de semana. A capacidade de atendimento mensal ser\u00e1 de at\u00e9 300 pacientes.<\/p>\n<p>A ordem de servi\u00e7o para in\u00edcio das obras da unidade permanente do bairro Alvarenga ser\u00e1 assinada em at\u00e9 tr\u00eas semanas pelo prefeito Luiz Marinho (PT). A previs\u00e3o inicial \u00e9 que fique pronta at\u00e9 o fim do ano que vem. &#8220;Com a nova sede poderemos contar com leitos. Nessa unidade provis\u00f3ria ainda n\u00e3o conseguiremos deixar pacientes internados em regime de hospital-dia. N\u00e3o \u00e9 uma situa\u00e7\u00e3o ideal, mas permite liberarmos vagas para os casos mais graves na unidade do Centro e do Jardim Farina&#8221;, explicou o secret\u00e1rio de Sa\u00fade, Arthur Chioro.<\/p>\n<p>O tratamento feito no Caps \u00e9 baseado em psicoterapia, consultas m\u00e9dicas, medica\u00e7\u00e3o, oficinas terap\u00eauticas, atividades f\u00edsicas e atendimento aos familiares. O Caps 3 do bairro Alvarenga ser\u00e1 constru\u00eddo ao lado da UPA (Unidade de Pronto Atendimento) do bairro, localizado na Estrada dos Alvarenga, na altura do n\u00famero 5.779.<\/p>\n<p>Com este, S\u00e3o Bernardo soma seis Caps na cidade, sendo tr\u00eas para transtornos ps\u00edquicos, dois para dependentes qu\u00edmicos &#8211; sendo um adulto e outro infantojuvenil -, al\u00e9m do Caps infantil.<\/p>\n<p><em>Fonte: Di\u00e1rio do Grande ABC<\/em><\/p>\n\n<div style=\"font-size: 0px; height: 0px; line-height: 0px; margin: 0; padding: 0; clear: both;\"><\/div>","protected":false},"excerpt":{"rendered":"<p>Os pacientes portadores de transtornos ps\u00edquicos de S\u00e3o Bernardo ganharam ontem mais um Caps 2 (Centro de Aten\u00e7\u00e3o Psicossocial), localizado no bairro Alvarenga, na Estrada dos Alvarenga, 3.268. A unidade, com espa\u00e7o reduzido e adaptado, ter\u00e1 funcionamento provis\u00f3rio. O objetivo da Prefeitura de S\u00e3o Bernardo \u00e9 aliviar a demanda dos dois Caps pr\u00f3ximos \u00e0 regi\u00e3o central, que funcionam 24 horas e aos fins de semana. A capacidade de atendimento mensal ser\u00e1 de at\u00e9 300 pacientes. A ordem de servi\u00e7o para in\u00edcio das obras da unidade permanente do bairro Alvarenga ser\u00e1 assinada em at\u00e9 tr\u00eas semanas pelo prefeito Luiz Marinho (PT). <\/p>\n","protected":false},"author":1,"featured_media":0,"comment_status":"open","ping_status":"closed","sticky":false,"template":"","format":"standard","meta":{"footnotes":""},"categories":[6],"tags":[15],"class_list":["post-906","post","type-post","status-publish","format-standard","hentry","category-noticias-em-sao-bernardo","tag-sao-bernardo-do-campo"],"aioseo_notices":[],"_links":{"self":[{"href":"https:\/\/www.encontrasaobernardo.com.br\/sobre\/wp-json\/wp\/v2\/posts\/906","targetHints":{"allow":["GET"]}}],"collection":[{"href":"https:\/\/www.encontrasaobernardo.com.br\/sobre\/wp-json\/wp\/v2\/posts"}],"about":[{"href":"https:\/\/www.encontrasaobernardo.com.br\/sobre\/wp-json\/wp\/v2\/types\/post"}],"author":[{"embeddable":true,"href":"https:\/\/www.encontrasaobernardo.com.br\/sobre\/wp-json\/wp\/v2\/users\/1"}],"replies":[{"embeddable":true,"href":"https:\/\/www.encontrasaobernardo.com.br\/sobre\/wp-json\/wp\/v2\/comments?post=906"}],"version-history":[{"count":0,"href":"https:\/\/www.encontrasaobernardo.com.br\/sobre\/wp-json\/wp\/v2\/posts\/906\/revisions"}],"wp:attachment":[{"href":"https:\/\/www.encontrasaobernardo.com.br\/sobre\/wp-json\/wp\/v2\/media?parent=906"}],"wp:term":[{"taxonomy":"category","embeddable":true,"href":"https:\/\/www.encontrasaobernardo.com.br\/sobre\/wp-json\/wp\/v2\/categories?post=906"},{"taxonomy":"post_tag","embeddable":true,"href":"https:\/\/www.encontrasaobernardo.com.br\/sobre\/wp-json\/wp\/v2\/tags?post=906"}],"curies":[{"name":"wp","href":"https:\/\/api.w.org\/{rel}","templated":true}]}}