{"id":892,"date":"2012-06-15T07:33:25","date_gmt":"2012-06-15T10:33:25","guid":{"rendered":"http:\/\/www.encontrasaobernardo.com.br\/noticias\/?p=892"},"modified":"2019-04-12T16:42:35","modified_gmt":"2019-04-12T19:42:35","slug":"sao-bernardo-recebe-amanha-o-abcdanca","status":"publish","type":"post","link":"https:\/\/www.encontrasaobernardo.com.br\/sobre\/sao-bernardo-recebe-amanha-o-abcdanca\/","title":{"rendered":"S\u00e3o Bernardo recebe amanh\u00e3 o ABCDan\u00e7a"},"content":{"rendered":"<div class=\"b7a9cc72b38518383f4213f1240ff05a\" data-index=\"1\" style=\"float: none; margin:0px;\">\n<!-- Anuncio display - global -->\r\n<ins class=\"adsbygoogle\"\r\n     style=\"display:block\"\r\n     data-ad-client=\"ca-pub-8585364105181520\"\r\n     data-ad-slot=\"8789329856\"\r\n     data-ad-format=\"auto\"\r\n     data-full-width-responsive=\"true\"><\/ins>\r\n<script>\r\n     (adsbygoogle = window.adsbygoogle || []).push({});\r\n<\/script>\n<\/div>\n<p>Em excurs\u00e3o pelo Grande ABC, a mostra &#8220;ABCDan\u00e7a&#8221; j\u00e1 passou por Diadema e Santo Andr\u00e9. Amanh\u00e3 ser\u00e1 a vez de S\u00e3o Bernardo receber atra\u00e7\u00f5es que integram o projeto idealizado pela bailarina Ana Bottosso, diretora da Companhia de Dan\u00e7as de Diadema.<\/p>\n<p>A programa\u00e7\u00e3o &#8211; que se estende at\u00e9 domingo &#8211; levar\u00e1 atividades gratuitas para dois espa\u00e7os na cidade, o Centro Livre de Artes C\u00eanicas (Pra\u00e7a C\u00f4nego L\u00e1zaro Equini, 240. Tel.: 4125 0582) e o <a href=\"http:\/\/www.encontrasaobernardo.com.br\/sao-bernardo\/teatro-municipal-lauro-gomes-em-sao-bernardo.shtml\" target=\"_blank\">Teatro Lauro Gomes<\/a> (Rua Helena Jacquey, 171. Tel.: 4368 3483).<\/p>\n<p>Entre as montagens est\u00e1 &#8220;Realirtual&#8221;, que tem dire\u00e7\u00e3o, concep\u00e7\u00e3o e atua\u00e7\u00e3o de La\u00edz Latenek. Partindo de uma pergunta &#8211; &#8220;o que acontece quando coreografamos v\u00e1rios de n\u00f3s mesmos?&#8221;-, o espet\u00e1culo \u00e9 apresentado enquanto fic\u00e7\u00e3o multim\u00eddia que une planos, paisagens e tempos diferentes para dan\u00e7ar e tocar juntos. A obra ser\u00e1 exibida no domingo, \u00e0s 19h, no Teatro Lauro Gomes.<\/p>\n<p>Outro espet\u00e1culo \u00e9 &#8220;Interl\u00fadio&#8221;, criada pela J. Gar.Cia. de Dan\u00e7a. Na montagem, o universo clown \u00e9 associado \u00e0 dan\u00e7a contempor\u00e2nea e a outras t\u00e9cnicas na constru\u00e7\u00e3o de humor debochado e sarc\u00e1stico. A coreografia ser\u00e1 apresentada no domingo, \u00e0s 19h30, no Teatro Lauro Gomes.<\/p>\n<p>J\u00e1 exibido em Diadema, a obra &#8220;C\u00e1lamo&#8221; explora a pele como meio que pode explicitar modos de vida e conter expressividades humanas. O trabalho da In Saio Cia. de Arte ter\u00e1 sess\u00e3o amanh\u00e3, \u00e0s 20h, no Teatro Lauro Gomes.<\/p>\n<p>O Centro Livre de Artes C\u00eanicas sediar\u00e1 amanh\u00e3 a oficina &#8220;Corpo Sens\u00edvel&#8221; (das 14h \u00e0s 16h)\u00a0e o f\u00f3rum &#8220;Corpos Diversos, Corpos Po\u00e9ticos&#8221; (das 16h30 \u00e0s 18h30). Essas atividades t\u00eam artistas como p\u00fablico-alvo<\/p>\n<p><em>Fonte: Di\u00e1rio do Grande ABC<\/em><\/p>\n\n<div style=\"font-size: 0px; height: 0px; line-height: 0px; margin: 0; padding: 0; clear: both;\"><\/div>","protected":false},"excerpt":{"rendered":"<p>Em excurs\u00e3o pelo Grande ABC, a mostra &#8220;ABCDan\u00e7a&#8221; j\u00e1 passou por Diadema e Santo Andr\u00e9. Amanh\u00e3 ser\u00e1 a vez de S\u00e3o Bernardo receber atra\u00e7\u00f5es que integram o projeto idealizado pela bailarina Ana Bottosso, diretora da Companhia de Dan\u00e7as de Diadema. A programa\u00e7\u00e3o &#8211; que se estende at\u00e9 domingo &#8211; levar\u00e1 atividades gratuitas para dois espa\u00e7os na cidade, o Centro Livre de Artes C\u00eanicas (Pra\u00e7a C\u00f4nego L\u00e1zaro Equini, 240. Tel.: 4125 0582) e o Teatro Lauro Gomes (Rua Helena Jacquey, 171. Tel.: 4368 3483). Entre as montagens est\u00e1 &#8220;Realirtual&#8221;, que tem dire\u00e7\u00e3o, concep\u00e7\u00e3o e atua\u00e7\u00e3o de La\u00edz Latenek. Partindo de uma <\/p>\n","protected":false},"author":1,"featured_media":0,"comment_status":"open","ping_status":"closed","sticky":false,"template":"","format":"standard","meta":{"footnotes":""},"categories":[6],"tags":[15],"class_list":["post-892","post","type-post","status-publish","format-standard","hentry","category-noticias-em-sao-bernardo","tag-sao-bernardo-do-campo"],"aioseo_notices":[],"_links":{"self":[{"href":"https:\/\/www.encontrasaobernardo.com.br\/sobre\/wp-json\/wp\/v2\/posts\/892","targetHints":{"allow":["GET"]}}],"collection":[{"href":"https:\/\/www.encontrasaobernardo.com.br\/sobre\/wp-json\/wp\/v2\/posts"}],"about":[{"href":"https:\/\/www.encontrasaobernardo.com.br\/sobre\/wp-json\/wp\/v2\/types\/post"}],"author":[{"embeddable":true,"href":"https:\/\/www.encontrasaobernardo.com.br\/sobre\/wp-json\/wp\/v2\/users\/1"}],"replies":[{"embeddable":true,"href":"https:\/\/www.encontrasaobernardo.com.br\/sobre\/wp-json\/wp\/v2\/comments?post=892"}],"version-history":[{"count":0,"href":"https:\/\/www.encontrasaobernardo.com.br\/sobre\/wp-json\/wp\/v2\/posts\/892\/revisions"}],"wp:attachment":[{"href":"https:\/\/www.encontrasaobernardo.com.br\/sobre\/wp-json\/wp\/v2\/media?parent=892"}],"wp:term":[{"taxonomy":"category","embeddable":true,"href":"https:\/\/www.encontrasaobernardo.com.br\/sobre\/wp-json\/wp\/v2\/categories?post=892"},{"taxonomy":"post_tag","embeddable":true,"href":"https:\/\/www.encontrasaobernardo.com.br\/sobre\/wp-json\/wp\/v2\/tags?post=892"}],"curies":[{"name":"wp","href":"https:\/\/api.w.org\/{rel}","templated":true}]}}