{"id":89,"date":"2011-01-18T17:42:27","date_gmt":"2011-01-18T19:42:27","guid":{"rendered":"http:\/\/www.encontrasaobernardo.com.br\/noticias\/?p=89"},"modified":"2019-04-12T16:45:22","modified_gmt":"2019-04-12T19:45:22","slug":"fundacao-casa-de-sao-bernardo-sera-inaugurada-ate-abril","status":"publish","type":"post","link":"https:\/\/www.encontrasaobernardo.com.br\/sobre\/fundacao-casa-de-sao-bernardo-sera-inaugurada-ate-abril\/","title":{"rendered":"Funda\u00e7\u00e3o Casa de S\u00e3o Bernardo ser\u00e1 inaugurada at\u00e9 abril"},"content":{"rendered":"<div class=\"b7a9cc72b38518383f4213f1240ff05a\" data-index=\"1\" style=\"float: none; margin:0px;\">\n<!-- Anuncio display - global -->\r\n<ins class=\"adsbygoogle\"\r\n     style=\"display:block\"\r\n     data-ad-client=\"ca-pub-8585364105181520\"\r\n     data-ad-slot=\"8789329856\"\r\n     data-ad-format=\"auto\"\r\n     data-full-width-responsive=\"true\"><\/ins>\r\n<script>\r\n     (adsbygoogle = window.adsbygoogle || []).push({});\r\n<\/script>\n<\/div>\n<p>A unidade da Funda\u00e7\u00e3o Casa da cidade de S\u00e3o Bernardo, para interna\u00e7\u00e3o de adolescentes em conflito com a lei, que est\u00e1 sendo constru\u00edda no bairro Batistini, entrar\u00e1 em funcionamento e receber\u00e1 os primeiros jovens at\u00e9 abril.<\/p>\n<p>Atualmente, a regi\u00e3o tem quase 300 jovens infratores cumprindo medida socioeducativa de interna\u00e7\u00e3o ou esperando resolu\u00e7\u00e3o da Justi\u00e7a. Como s\u00f3 Mau\u00e1 tem internato, a maioria dos jovens est\u00e1 longe da fam\u00edlia.<\/p>\n<p>Os dois pr\u00e9dios de S\u00e3o Bernardo &#8211; custo de R$ 8 milh\u00f5es &#8211; ter\u00e3o capacidade para 112 vagas, sendo 80 para interna\u00e7\u00e3o e 32 para regime tempor\u00e1rio, daqueles que ainda aguardam decis\u00e3o judicial.<\/p>\n<p>As unidades come\u00e7aram a ser constru\u00eddas em fevereiro do ano passado na Estrada Servid\u00e3o, em \u00e1rea com 30 mil metros quadrados, que servia de p\u00e1tio para o sindicato dos cegonheiros.<\/p>\n<p>Inicialmente, a previs\u00e3o era de que os trabalhos estariam conclu\u00eddos em novembro, com possibilidade de inaugura\u00e7\u00e3o ainda em 2010, mas houve atraso.<\/p>\n<p>&#8220;A obra est\u00e1 em fase de conclus\u00e3o. Dentro de um m\u00eas ou um m\u00eas e meio ser\u00e1 finalizada&#8221;, afirmou o vice-presidente da Funda\u00e7\u00e3o Casa, Cl\u00e1udio Piteri.<\/p>\n<p>A expectativa, segundo Piteri, \u00e9 de que em &#8220;meados de mar\u00e7o, in\u00edcio de abril&#8221;, a unidade come\u00e7ar\u00e1 a receber os primeiros grupos.<\/p>\n<p>Antes disso \u00e9 preciso escolher a entidade que realizar\u00e1 a gest\u00e3o compartilhada, administrando o espa\u00e7o em parceria com o Estado. Segundo a funda\u00e7\u00e3o, o processo de sele\u00e7\u00e3o n\u00e3o foi finalizado.<\/p>\n<p>Ap\u00f3s a escolha, antes de assumirem, os funcion\u00e1rios da entidade ainda passar\u00e3o por per\u00edodo de capacita\u00e7\u00e3o &#8211; cerca de 20 dias. S\u00f3 a\u00ed, ent\u00e3o, a unidade estar\u00e1 pronta para o trabalho de ressocializa\u00e7\u00e3o dos jovens infratores.<\/p>\n<p>SANTO ANDR\u00c9<br \/>\nEnquanto em S\u00e3o Bernardo os trabalhos apontam para o fim, na vizinha Santo Andr\u00e9 a primeira parede ainda nem foi erguida.<\/p>\n<p>Segundo Piteri, por\u00e9m, as obras de constru\u00e7\u00e3o civil dever\u00e3o come\u00e7ar logo: &#8220;As unidades j\u00e1 foram licitadas e daremos ordem de in\u00edcio em breve&#8221;, afirmou.<\/p>\n<p>Santo Andr\u00e9 tem\u00a0projeto igual ao de S\u00e3o Bernardo. Ser\u00e3o dois pr\u00e9dios, a serem constru\u00eddos na Vila Palmares, ao lado do CDP (Centro de Deten\u00e7\u00e3o Provis\u00f3ria).<\/p>\n<p><em>Fonte: Di\u00e1rio do Grande ABC<\/em><\/p>\n\n<div style=\"font-size: 0px; height: 0px; line-height: 0px; margin: 0; padding: 0; clear: both;\"><\/div>","protected":false},"excerpt":{"rendered":"<p>A unidade da Funda\u00e7\u00e3o Casa da cidade de S\u00e3o Bernardo, para interna\u00e7\u00e3o de adolescentes em conflito com a lei, que est\u00e1 sendo constru\u00edda no bairro Batistini, entrar\u00e1 em funcionamento e receber\u00e1 os primeiros jovens at\u00e9 abril. Atualmente, a regi\u00e3o tem quase 300 jovens infratores cumprindo medida socioeducativa de interna\u00e7\u00e3o ou esperando resolu\u00e7\u00e3o da Justi\u00e7a. Como s\u00f3 Mau\u00e1 tem internato, a maioria dos jovens est\u00e1 longe da fam\u00edlia. Os dois pr\u00e9dios de S\u00e3o Bernardo &#8211; custo de R$ 8 milh\u00f5es &#8211; ter\u00e3o capacidade para 112 vagas, sendo 80 para interna\u00e7\u00e3o e 32 para regime tempor\u00e1rio, daqueles que ainda aguardam decis\u00e3o judicial. <\/p>\n","protected":false},"author":1,"featured_media":0,"comment_status":"open","ping_status":"closed","sticky":false,"template":"","format":"standard","meta":{"footnotes":""},"categories":[6],"tags":[14],"class_list":["post-89","post","type-post","status-publish","format-standard","hentry","category-noticias-em-sao-bernardo","tag-sao-bernardo"],"aioseo_notices":[],"_links":{"self":[{"href":"https:\/\/www.encontrasaobernardo.com.br\/sobre\/wp-json\/wp\/v2\/posts\/89","targetHints":{"allow":["GET"]}}],"collection":[{"href":"https:\/\/www.encontrasaobernardo.com.br\/sobre\/wp-json\/wp\/v2\/posts"}],"about":[{"href":"https:\/\/www.encontrasaobernardo.com.br\/sobre\/wp-json\/wp\/v2\/types\/post"}],"author":[{"embeddable":true,"href":"https:\/\/www.encontrasaobernardo.com.br\/sobre\/wp-json\/wp\/v2\/users\/1"}],"replies":[{"embeddable":true,"href":"https:\/\/www.encontrasaobernardo.com.br\/sobre\/wp-json\/wp\/v2\/comments?post=89"}],"version-history":[{"count":0,"href":"https:\/\/www.encontrasaobernardo.com.br\/sobre\/wp-json\/wp\/v2\/posts\/89\/revisions"}],"wp:attachment":[{"href":"https:\/\/www.encontrasaobernardo.com.br\/sobre\/wp-json\/wp\/v2\/media?parent=89"}],"wp:term":[{"taxonomy":"category","embeddable":true,"href":"https:\/\/www.encontrasaobernardo.com.br\/sobre\/wp-json\/wp\/v2\/categories?post=89"},{"taxonomy":"post_tag","embeddable":true,"href":"https:\/\/www.encontrasaobernardo.com.br\/sobre\/wp-json\/wp\/v2\/tags?post=89"}],"curies":[{"name":"wp","href":"https:\/\/api.w.org\/{rel}","templated":true}]}}