{"id":87,"date":"2011-01-18T17:41:06","date_gmt":"2011-01-18T19:41:06","guid":{"rendered":"http:\/\/www.encontrasaobernardo.com.br\/noticias\/?p=87"},"modified":"2019-04-12T16:45:22","modified_gmt":"2019-04-12T19:45:22","slug":"lula-desfilara-na-homenagem-a-sao-bernardo-do-campo","status":"publish","type":"post","link":"https:\/\/www.encontrasaobernardo.com.br\/sobre\/lula-desfilara-na-homenagem-a-sao-bernardo-do-campo\/","title":{"rendered":"Lula desfilar\u00e1 na homenagem a S\u00e3o Bernardo do Campo"},"content":{"rendered":"<div class=\"b7a9cc72b38518383f4213f1240ff05a\" data-index=\"1\" style=\"float: none; margin:0px;\">\n<!-- Anuncio display - global -->\r\n<ins class=\"adsbygoogle\"\r\n     style=\"display:block\"\r\n     data-ad-client=\"ca-pub-8585364105181520\"\r\n     data-ad-slot=\"8789329856\"\r\n     data-ad-format=\"auto\"\r\n     data-full-width-responsive=\"true\"><\/ins>\r\n<script>\r\n     (adsbygoogle = window.adsbygoogle || []).push({});\r\n<\/script>\n<\/div>\n<p>Com um enredo que homenageia a cidade S\u00e3o Bernardo do Campo, no ABC paulista, a Tom Maior contar\u00e1 com a presen\u00e7a de um dos mais ilustres moradores da regi\u00e3o: o ex-presidente Luiz In\u00e1cio Lula da Silva.<\/p>\n<p>De acordo com o presidente da escola de samba, Marco Antonio da Silva, o Marquinhos, Lula ser\u00e1 lembrado como o principal l\u00edder, uma vez que o samba far\u00e1 men\u00e7\u00e3o aos movimentos sindicais e sociais da cidade.<\/p>\n<p>\u201cEstivemos com o Lula, e fizemos o convite para que ele desfile com a Tom Maior ao lado da esposa Marisa e tudo indica que o ex-presidente aceitar\u00e1 o convite\u201d, comentou o Presidente da Tom Maior.<\/p>\n<p>O \u00faltimo carro aleg\u00f3rico ser\u00e1 o espa\u00e7o reservado a Lula no encerramento do desfile, na sexta-feira, mostrando a ind\u00fastria automobil\u00edstica. A letra termina lembrando o famoso jingle de campanha de 1989: \u201csem medo de ser feliz\u201d.<\/p>\n<p>O an\u00fancio oficial da presen\u00e7a de Lula no Samb\u00f3dromo do Anhembi ser\u00e1 feito no in\u00edcio de fevereiro. Tamb\u00e9m estar\u00e3o desfilando com a Tom Maior algumas pessoas ilustres como o senador Eduardo Suplicy, o cantor e Vice Prefeito de S\u00e3o Bernardo Frank Aguiar, al\u00e9m de Adriana Bom Bom, que novamente ser\u00e1 a Rainha da Bateria da escola.<\/p>\n<p><em>Fonte: O Estado de S. Paulo<\/em><\/p>\n\n<div style=\"font-size: 0px; height: 0px; line-height: 0px; margin: 0; padding: 0; clear: both;\"><\/div>","protected":false},"excerpt":{"rendered":"<p>Com um enredo que homenageia a cidade S\u00e3o Bernardo do Campo, no ABC paulista, a Tom Maior contar\u00e1 com a presen\u00e7a de um dos mais ilustres moradores da regi\u00e3o: o ex-presidente Luiz In\u00e1cio Lula da Silva. De acordo com o presidente da escola de samba, Marco Antonio da Silva, o Marquinhos, Lula ser\u00e1 lembrado como o principal l\u00edder, uma vez que o samba far\u00e1 men\u00e7\u00e3o aos movimentos sindicais e sociais da cidade. \u201cEstivemos com o Lula, e fizemos o convite para que ele desfile com a Tom Maior ao lado da esposa Marisa e tudo indica que o ex-presidente aceitar\u00e1 <\/p>\n","protected":false},"author":1,"featured_media":0,"comment_status":"open","ping_status":"closed","sticky":false,"template":"","format":"standard","meta":{"footnotes":""},"categories":[6],"tags":[14],"class_list":["post-87","post","type-post","status-publish","format-standard","hentry","category-noticias-em-sao-bernardo","tag-sao-bernardo"],"aioseo_notices":[],"_links":{"self":[{"href":"https:\/\/www.encontrasaobernardo.com.br\/sobre\/wp-json\/wp\/v2\/posts\/87","targetHints":{"allow":["GET"]}}],"collection":[{"href":"https:\/\/www.encontrasaobernardo.com.br\/sobre\/wp-json\/wp\/v2\/posts"}],"about":[{"href":"https:\/\/www.encontrasaobernardo.com.br\/sobre\/wp-json\/wp\/v2\/types\/post"}],"author":[{"embeddable":true,"href":"https:\/\/www.encontrasaobernardo.com.br\/sobre\/wp-json\/wp\/v2\/users\/1"}],"replies":[{"embeddable":true,"href":"https:\/\/www.encontrasaobernardo.com.br\/sobre\/wp-json\/wp\/v2\/comments?post=87"}],"version-history":[{"count":0,"href":"https:\/\/www.encontrasaobernardo.com.br\/sobre\/wp-json\/wp\/v2\/posts\/87\/revisions"}],"wp:attachment":[{"href":"https:\/\/www.encontrasaobernardo.com.br\/sobre\/wp-json\/wp\/v2\/media?parent=87"}],"wp:term":[{"taxonomy":"category","embeddable":true,"href":"https:\/\/www.encontrasaobernardo.com.br\/sobre\/wp-json\/wp\/v2\/categories?post=87"},{"taxonomy":"post_tag","embeddable":true,"href":"https:\/\/www.encontrasaobernardo.com.br\/sobre\/wp-json\/wp\/v2\/tags?post=87"}],"curies":[{"name":"wp","href":"https:\/\/api.w.org\/{rel}","templated":true}]}}