{"id":856,"date":"2012-06-05T09:00:47","date_gmt":"2012-06-05T12:00:47","guid":{"rendered":"http:\/\/www.encontrasaobernardo.com.br\/noticias\/?p=856"},"modified":"2019-04-12T16:42:36","modified_gmt":"2019-04-12T19:42:36","slug":"sao-bernardo-transfere-alunos-e-fecha-escola","status":"publish","type":"post","link":"https:\/\/www.encontrasaobernardo.com.br\/sobre\/sao-bernardo-transfere-alunos-e-fecha-escola\/","title":{"rendered":"S\u00e3o Bernardo transfere alunos e fecha escola"},"content":{"rendered":"<div class=\"b7a9cc72b38518383f4213f1240ff05a\" data-index=\"1\" style=\"float: none; margin:0px;\">\n<!-- Anuncio display - global -->\r\n<ins class=\"adsbygoogle\"\r\n     style=\"display:block\"\r\n     data-ad-client=\"ca-pub-8585364105181520\"\r\n     data-ad-slot=\"8789329856\"\r\n     data-ad-format=\"auto\"\r\n     data-full-width-responsive=\"true\"><\/ins>\r\n<script>\r\n     (adsbygoogle = window.adsbygoogle || []).push({});\r\n<\/script>\n<\/div>\n<p>A Emeb (Escola Municipal de Ensino B\u00e1sico) Marineida Meneghelli de Lucca, na Vila S\u00e3o Pedro, em S\u00e3o Bernardo, ficar\u00e1 fechada at\u00e9 o fim do ano. Isso porque os cerca de 900 alunos do Ensino Fundamental que estudam ali ser\u00e3o transferidos na segunda-feira para o CEU (Centro Educacional Unificado) Regina Rocco Casa, na Vila do Tanque. Apesar de a Prefeitura assumir inten\u00e7\u00e3o de criar vagas no local, ainda n\u00e3o h\u00e1 defini\u00e7\u00e3o sobre o que ser\u00e1 feito com o pr\u00e9dio, constru\u00eddo h\u00e1 30 anos.<\/p>\n<p>M\u00e3es de alunos est\u00e3o inconformadas com a mudan\u00e7a, j\u00e1 que nem todas ser\u00e3o beneficiadas com o transporte escolar para os filhos.<\/p>\n<p>Entre as reclama\u00e7\u00f5es das m\u00e3es, destaca-se a dist\u00e2ncia entre as duas escolas, de 2,2 quil\u00f4metros, que as obriga a arcar com a despesa do transporte p\u00fablico. Al\u00e9m disso, as moradoras da Vila S\u00e3o Pedro discordam da decis\u00e3o da Prefeitura de retirar os alunos da unidade de ensino pr\u00f3xima de casa sem ter planos concretos para o pr\u00e9dio.<\/p>\n<p>\u201cO CEU n\u00e3o fica no nosso bairro. Apenas 200 crian\u00e7as foram beneficiadas com o transporte escolar, apesar de mais pessoas morarem a mais de 1,5 quil\u00f4metro de dist\u00e2ncia da unidade\u201d, destaca a dona de casa Selma de Carvalho, 50 anos.<\/p>\n<p>Av\u00f3 de aluno de 7 anos do turno da tarde, Selma teme que a volta para casa fique mais perigosa e diz que o c\u00e1lculo da dist\u00e2ncia da resid\u00eancia dos estudantes at\u00e9 a escola n\u00e3o condiz com a realidade. \u201cEles (Prefeitura) alegam que as vans escolares n\u00e3o sobem o morro e, por isso, registram a dist\u00e2ncia a partir da avenida mais pr\u00f3xima\u201d, reclama.<\/p>\n<p>Outra m\u00e3e que se viu sem alternativas \u00e9 a atendente Alexandra Paiva Aguiar, 28, moradora da Passagem do Oleoduto, na Vila S\u00e3o Pedro. Seus dois filhos, de 8 e 10 anos, costumam ir sozinhos \u00e0 Emeb \u2013 distante 500 metros de casa \u2013 em caminhada de 15 minutos. \u201cEstou pensando em deix\u00e1-los sem estudar\u201d, comenta, referindo-se \u00e0 inviabilidade de as crian\u00e7as irem at\u00e9 o CEU, distante 1,8 quil\u00f4metro de sua resid\u00eancia, cerca de meia hora a p\u00e9.<\/p>\n<p>A manicure Ana Joelma, 20, tem receio de ser demitida por ter de sair mais cedo do sal\u00e3o onde trabalha. Isso por conta da transfer\u00eancia da filha de 9 anos. Da casa dela, na Passagem Central, at\u00e9 a Emeb s\u00e3o 1,1 quil\u00f4metro e o CEU est\u00e1 h\u00e1 2,1 quil\u00f4metros, tempo duas vezes maior de caminhada.<\/p>\n<p>A Prefeitura de S\u00e3o Bernardo\u00a0informou que a transfer\u00eancia dos alunos tem objetivo de garantir espa\u00e7os mais adequados para o desenvolvimento educacional das crian\u00e7as. Quanto ao transporte, a administra\u00e7\u00e3o disse que ser\u00e1 concedido a cada crian\u00e7a que morar a mais de 1,5 quil\u00f4metro de dist\u00e2ncia do CEU, a partir da data da transfer\u00eancia. A Secretaria destacou que a concess\u00e3o do transporte abrange, com os mesmos crit\u00e9rios, todos os alunos da rede municipal de Educa\u00e7\u00e3o.<\/p>\n<p>CEU prev\u00ea atender 5.168 estudantes<\/p>\n<p>O CEU Regina Rocco Casa foi inaugurado no dia 14 de abril e conta com 5.168 vagas para alunos com idades entre zero e 10 anos.<\/p>\n<p>Com as 640 vagas para crian\u00e7as em idade de creche (0 a 3 anos) e 1.728 para alunos de 4 a 6 anos, a unidade pretende zerar a fila de espera na Educa\u00e7\u00e3o Infantil da regi\u00e3o da Vila S\u00e3o Pedro, Vila Esperan\u00e7a e Jardim Iraj\u00e1.<\/p>\n<p>No Ensino Fundamental \u2013 1\u00ba ao 9\u00ba ano \u2013 n\u00e3o havia crian\u00e7a fora da escola. Com isso, as 2.800 vagas para essa etapa foram preenchidas por estudantes transferidos de outras escolas da regi\u00e3o. Os alunos de zero a 6 anos aguardavam vaga em Emebs da Vila Esperan\u00e7a, Vila S\u00e3o Pedro, Jardim Iraj\u00e1 e adjac\u00eancias. J\u00e1 os alunos com idade entre 7 e 10 anos foram transferidos de unidades de ensino do entorno, principalmente a Emeb Marineida Meneghelli de Lucca, na Vila S\u00e3o Pedro.<\/p>\n<p>O espa\u00e7o de 48 mil m\u00b2 custou R$ 60 milh\u00f5es \u2013 R$ 27 milh\u00f5es de investimento federal.<\/p>\n<p>Com expectativa de criar 3.656 vagas para crian\u00e7as de zero a 10 anos, a Prefeitura inaugura neste ano os demais CEUs prometidos: <a href=\"http:\/\/www.encontrasaobernardo.com.br\/sao-bernardo\/ceu-centros-educacionais-unificados-em-tres-marias-sao-bernardo.shtml\" target=\"_blank\">CEU Tr\u00eas Marias <\/a>(Celso Daniel), Silvina e Parque Hawai<\/p>\n<p><em>Fonte: Di\u00e1rio do Grande ABC<\/em><\/p>\n\n<div style=\"font-size: 0px; height: 0px; line-height: 0px; margin: 0; padding: 0; clear: both;\"><\/div>","protected":false},"excerpt":{"rendered":"<p>A Emeb (Escola Municipal de Ensino B\u00e1sico) Marineida Meneghelli de Lucca, na Vila S\u00e3o Pedro, em S\u00e3o Bernardo, ficar\u00e1 fechada at\u00e9 o fim do ano. Isso porque os cerca de 900 alunos do Ensino Fundamental que estudam ali ser\u00e3o transferidos na segunda-feira para o CEU (Centro Educacional Unificado) Regina Rocco Casa, na Vila do Tanque. Apesar de a Prefeitura assumir inten\u00e7\u00e3o de criar vagas no local, ainda n\u00e3o h\u00e1 defini\u00e7\u00e3o sobre o que ser\u00e1 feito com o pr\u00e9dio, constru\u00eddo h\u00e1 30 anos. M\u00e3es de alunos est\u00e3o inconformadas com a mudan\u00e7a, j\u00e1 que nem todas ser\u00e3o beneficiadas com o transporte escolar <\/p>\n","protected":false},"author":1,"featured_media":0,"comment_status":"open","ping_status":"closed","sticky":false,"template":"","format":"standard","meta":{"footnotes":""},"categories":[3],"tags":[15],"class_list":["post-856","post","type-post","status-publish","format-standard","hentry","category-cursos-em-sao-bernardo","tag-sao-bernardo-do-campo"],"aioseo_notices":[],"_links":{"self":[{"href":"https:\/\/www.encontrasaobernardo.com.br\/sobre\/wp-json\/wp\/v2\/posts\/856","targetHints":{"allow":["GET"]}}],"collection":[{"href":"https:\/\/www.encontrasaobernardo.com.br\/sobre\/wp-json\/wp\/v2\/posts"}],"about":[{"href":"https:\/\/www.encontrasaobernardo.com.br\/sobre\/wp-json\/wp\/v2\/types\/post"}],"author":[{"embeddable":true,"href":"https:\/\/www.encontrasaobernardo.com.br\/sobre\/wp-json\/wp\/v2\/users\/1"}],"replies":[{"embeddable":true,"href":"https:\/\/www.encontrasaobernardo.com.br\/sobre\/wp-json\/wp\/v2\/comments?post=856"}],"version-history":[{"count":0,"href":"https:\/\/www.encontrasaobernardo.com.br\/sobre\/wp-json\/wp\/v2\/posts\/856\/revisions"}],"wp:attachment":[{"href":"https:\/\/www.encontrasaobernardo.com.br\/sobre\/wp-json\/wp\/v2\/media?parent=856"}],"wp:term":[{"taxonomy":"category","embeddable":true,"href":"https:\/\/www.encontrasaobernardo.com.br\/sobre\/wp-json\/wp\/v2\/categories?post=856"},{"taxonomy":"post_tag","embeddable":true,"href":"https:\/\/www.encontrasaobernardo.com.br\/sobre\/wp-json\/wp\/v2\/tags?post=856"}],"curies":[{"name":"wp","href":"https:\/\/api.w.org\/{rel}","templated":true}]}}