{"id":843,"date":"2012-05-31T09:36:06","date_gmt":"2012-05-31T12:36:06","guid":{"rendered":"http:\/\/www.encontrasaobernardo.com.br\/noticias\/?p=843"},"modified":"2019-04-12T16:42:36","modified_gmt":"2019-04-12T19:42:36","slug":"mercedes-suspende-contrato-de-1-500-empregados-afeta-sao-bernardo","status":"publish","type":"post","link":"https:\/\/www.encontrasaobernardo.com.br\/sobre\/mercedes-suspende-contrato-de-1-500-empregados-afeta-sao-bernardo\/","title":{"rendered":"Mercedes suspende contrato de 1.500 empregados e afeta S\u00e3o Bernardo"},"content":{"rendered":"<div class=\"b7a9cc72b38518383f4213f1240ff05a\" data-index=\"1\" style=\"float: none; margin:0px;\">\n<!-- Anuncio display - global -->\r\n<ins class=\"adsbygoogle\"\r\n     style=\"display:block\"\r\n     data-ad-client=\"ca-pub-8585364105181520\"\r\n     data-ad-slot=\"8789329856\"\r\n     data-ad-format=\"auto\"\r\n     data-full-width-responsive=\"true\"><\/ins>\r\n<script>\r\n     (adsbygoogle = window.adsbygoogle || []).push({});\r\n<\/script>\n<\/div>\n<p>\u00a0Mercedes-Benz e o Sindicato dos Metal\u00fargicos do ABC assinaram nesta ter\u00e7a-feira um acordo para suspens\u00e3o tempor\u00e1ria do contrato de trabalho de 1.500 empregados da unidade de caminh\u00f5es da companhia em S\u00e3o Bernardo do Campo, no ABC paulista. A medida, que ocorre ap\u00f3s queda de at\u00e9 30% na produ\u00e7\u00e3o de caminh\u00f5es, durar\u00e1 at\u00e9 cinco meses e ser\u00e1 de 18 de junho a 11 de novembro.<\/p>\n<p>Durante esse per\u00edodo, os metal\u00fargicos receber\u00e3o uma bolsa mensal do Fundo de Amparo ao Trabalhador (FAT) de 1.163 reais para frequentar um curso de qualifica\u00e7\u00e3o profissional do Senai, de 300 horas. O acordo prev\u00ea que a companhia complemente essa bolsa at\u00e9 o limite m\u00e1ximo do sal\u00e1rio l\u00edquido de cada um dos trabalhadores, que varia de 2.800 reais a 2.900 reais em m\u00e9dia.<\/p>\n<p>O total de trabalhadores que ter\u00e3o contratos suspensos corresponde a 12,5% dos 12 mil que a companhia emprega na unidade do ABC e 10,7% dos 14 mil que tem em todo o Brasil, incluindo as f\u00e1bricas da\u00a0cidade de\u00a0Campinas (SP) e de Juiz de Fora (MG).<\/p>\n<p>A medida, conhecida como <em>lay-off<\/em>, est\u00e1 prevista no artigo n\u00ba 476 da Consolida\u00e7\u00e3o das Leis do Trabalho (CLT). Durante o per\u00edodo em que n\u00e3o estiverem trabalhando, a Mercedes deixar\u00e1 de recolher o INSS e o Fundo de Garantia (FGTS) dos trabalhadores. O per\u00edodo continuar\u00e1, no entanto, a ser computado para pagamento de 13\u00ba sal\u00e1rio, f\u00e9rias e PLR (participa\u00e7\u00e3o nos lucros). Os trabalhadores receber\u00e3o ainda assist\u00eancia m\u00e9dica da empresa.<\/p>\n<p>Do total de 1.500 trabalhadores que ser\u00e3o afetados pela medida, 500 s\u00e3o tempor\u00e1rios que tiveram prorrogados os contratos que vencem nos pr\u00f3ximos meses, a partir de maio.<\/p>\n<p>De acordo com Fernando Fontes Garcia, vice-presidente de recursos humanos da Mercedes-Benz do Brasil, a suspens\u00e3o dos contratos deve ser suficiente para evitar poss\u00edveis demiss\u00f5es e a companhia aposta na retomada do ritmo de produ\u00e7\u00e3o no segundo semestre. &#8220;Al\u00e9m da preocupa\u00e7\u00e3o social, h\u00e1 ainda a preocupa\u00e7\u00e3o da companhia de perder pessoas com forma\u00e7\u00e3o qualificada, o que n\u00e3o \u00e9 bom.&#8221;<\/p>\n<p>Ainda de acordo com o executivo, nas outras duas unidades da Mercedes n\u00e3o est\u00e3o sendo avaliadas a ado\u00e7\u00e3o de medidas semelhantes, pelo n\u00famero bem menor de funcion\u00e1rios. Em Juiz de Fora, no entanto, foram concedidos dez dias de f\u00e9rias coletivas em abril e mais cinco dias de folga na semana passada. J\u00e1 na unidade de Campinas, n\u00e3o houve paralisa\u00e7\u00e3o na produ\u00e7\u00e3o ainda neste ano.<\/p>\n<p>Segundo o presidente do Sindicato dos Metal\u00fargicos do ABC, S\u00e9rgio Nobre, o acordo firmado com a Mercedes protege emprego e d\u00e1 tranquilidade aos metal\u00fargicos. Segundo ele, a \u00faltima vez que um acordo semelhante ocorreu foi em 1999, com a Ford, mas os empregados, \u00e0 \u00e9poca, tiveram os contratos suspensos e ficaram quase dois anos sem trabalhar.<\/p>\n<p>A queda na produ\u00e7\u00e3o e vendas de caminh\u00f5es ocorre, segundo a empresa e sindicalistas, pela mudan\u00e7a nas regras de emiss\u00f5es do Euro 3 para o Euro 5, entre 2011 e 2012, que gerou forte antecipa\u00e7\u00e3o nas compras de ve\u00edculos no final do ano passado. Os pre\u00e7os dos ve\u00edculos sob as novas regras de emiss\u00f5es subiram 15%. Al\u00e9m disso, houve um aumento no pre\u00e7o do diesel para seguir os novos padr\u00f5es. Por fim, houve queda na demanda de caminh\u00f5es devido a safra de gr\u00e3os que ficou est\u00e1vel no Pa\u00eds.<\/p>\n<p>Al\u00e9m da Mercedes, a Volkswagen, a Scania e a Ford j\u00e1 anunciaram acordos para reduzir a produ\u00e7\u00e3o e evitar demiss\u00f5es nas unidades de caminh\u00f5es. A Volkswagen suspendeu a produ\u00e7\u00e3o por nove dias desde o in\u00edcio do ano; a Scania criou um banco de horas para paralisar a linha de produ\u00e7\u00e3o em 20 dias at\u00e9 o final do ano; e a Ford prev\u00ea a suspens\u00e3o da produ\u00e7\u00e3o em 40 dias em 2012. Em abril, a Ford deu f\u00e9rias coletivas de dez dias.<\/p>\n<p><em>Fonte: Veja<\/em><\/p>\n\n<div style=\"font-size: 0px; height: 0px; line-height: 0px; margin: 0; padding: 0; clear: both;\"><\/div>","protected":false},"excerpt":{"rendered":"<p>\u00a0Mercedes-Benz e o Sindicato dos Metal\u00fargicos do ABC assinaram nesta ter\u00e7a-feira um acordo para suspens\u00e3o tempor\u00e1ria do contrato de trabalho de 1.500 empregados da unidade de caminh\u00f5es da companhia em S\u00e3o Bernardo do Campo, no ABC paulista. A medida, que ocorre ap\u00f3s queda de at\u00e9 30% na produ\u00e7\u00e3o de caminh\u00f5es, durar\u00e1 at\u00e9 cinco meses e ser\u00e1 de 18 de junho a 11 de novembro. Durante esse per\u00edodo, os metal\u00fargicos receber\u00e3o uma bolsa mensal do Fundo de Amparo ao Trabalhador (FAT) de 1.163 reais para frequentar um curso de qualifica\u00e7\u00e3o profissional do Senai, de 300 horas. O acordo prev\u00ea que a <\/p>\n","protected":false},"author":1,"featured_media":0,"comment_status":"open","ping_status":"closed","sticky":false,"template":"","format":"standard","meta":{"footnotes":""},"categories":[4],"tags":[15],"class_list":["post-843","post","type-post","status-publish","format-standard","hentry","category-empregos-em-sao-bernardo","tag-sao-bernardo-do-campo"],"aioseo_notices":[],"_links":{"self":[{"href":"https:\/\/www.encontrasaobernardo.com.br\/sobre\/wp-json\/wp\/v2\/posts\/843","targetHints":{"allow":["GET"]}}],"collection":[{"href":"https:\/\/www.encontrasaobernardo.com.br\/sobre\/wp-json\/wp\/v2\/posts"}],"about":[{"href":"https:\/\/www.encontrasaobernardo.com.br\/sobre\/wp-json\/wp\/v2\/types\/post"}],"author":[{"embeddable":true,"href":"https:\/\/www.encontrasaobernardo.com.br\/sobre\/wp-json\/wp\/v2\/users\/1"}],"replies":[{"embeddable":true,"href":"https:\/\/www.encontrasaobernardo.com.br\/sobre\/wp-json\/wp\/v2\/comments?post=843"}],"version-history":[{"count":0,"href":"https:\/\/www.encontrasaobernardo.com.br\/sobre\/wp-json\/wp\/v2\/posts\/843\/revisions"}],"wp:attachment":[{"href":"https:\/\/www.encontrasaobernardo.com.br\/sobre\/wp-json\/wp\/v2\/media?parent=843"}],"wp:term":[{"taxonomy":"category","embeddable":true,"href":"https:\/\/www.encontrasaobernardo.com.br\/sobre\/wp-json\/wp\/v2\/categories?post=843"},{"taxonomy":"post_tag","embeddable":true,"href":"https:\/\/www.encontrasaobernardo.com.br\/sobre\/wp-json\/wp\/v2\/tags?post=843"}],"curies":[{"name":"wp","href":"https:\/\/api.w.org\/{rel}","templated":true}]}}