{"id":839,"date":"2012-05-30T07:09:21","date_gmt":"2012-05-30T10:09:21","guid":{"rendered":"http:\/\/www.encontrasaobernardo.com.br\/noticias\/?p=839"},"modified":"2019-04-12T16:42:36","modified_gmt":"2019-04-12T19:42:36","slug":"com-alckmin-obras-da-5%c2%aa-faixa-da-imigrantes-comecam-em-sao-bernardo-do-campo","status":"publish","type":"post","link":"https:\/\/www.encontrasaobernardo.com.br\/sobre\/com-alckmin-obras-da-5%c2%aa-faixa-da-imigrantes-comecam-em-sao-bernardo-do-campo\/","title":{"rendered":"Com Alckmin, obras da 5\u00aa faixa da Imigrantes come\u00e7am em S\u00e3o Bernardo do Campo"},"content":{"rendered":"<div class=\"b7a9cc72b38518383f4213f1240ff05a\" data-index=\"1\" style=\"float: none; margin:0px;\">\n<!-- Anuncio display - global -->\r\n<ins class=\"adsbygoogle\"\r\n     style=\"display:block\"\r\n     data-ad-client=\"ca-pub-8585364105181520\"\r\n     data-ad-slot=\"8789329856\"\r\n     data-ad-format=\"auto\"\r\n     data-full-width-responsive=\"true\"><\/ins>\r\n<script>\r\n     (adsbygoogle = window.adsbygoogle || []).push({});\r\n<\/script>\n<\/div>\n<p>A implanta\u00e7\u00e3o da quinta faixa da pista norte da Rodovia dos Imigrantes come\u00e7ou a sair do papel. Com a presen\u00e7a do governador paulista, Geraldo Alckmin, as obras de terraplenagem \u00a0no trecho localizado em S\u00e3o Bernardo tiveram in\u00edcio nesta ter\u00e7a-feira.<\/p>\n<p>Os 13 quil\u00f4metros da nova faixa ser\u00e3o constru\u00eddos entre os km 39,7 e km 26,2. O objetivo das obras \u00e9 reduzir entre 15 e 20 minutos o tempo de viagem gasto no local nos hor\u00e1rios de pico e aumentar em 25% a fluidez do tr\u00e2nsito.<\/p>\n<p>Para que o projeto seja executado, o governo de S\u00e3o Paulo vai investir R$ 19,1 milh\u00f5es de reais. A nova faixa deve ser conclu\u00edda em maio de 2013.<\/p>\n<p>\u00a0<em>Fonte Diario do grande ABC<\/em><\/p>\n\n<div style=\"font-size: 0px; height: 0px; line-height: 0px; margin: 0; padding: 0; clear: both;\"><\/div>","protected":false},"excerpt":{"rendered":"<p>A implanta\u00e7\u00e3o da quinta faixa da pista norte da Rodovia dos Imigrantes come\u00e7ou a sair do papel. Com a presen\u00e7a do governador paulista, Geraldo Alckmin, as obras de terraplenagem \u00a0no trecho localizado em S\u00e3o Bernardo tiveram in\u00edcio nesta ter\u00e7a-feira. Os 13 quil\u00f4metros da nova faixa ser\u00e3o constru\u00eddos entre os km 39,7 e km 26,2. O objetivo das obras \u00e9 reduzir entre 15 e 20 minutos o tempo de viagem gasto no local nos hor\u00e1rios de pico e aumentar em 25% a fluidez do tr\u00e2nsito. Para que o projeto seja executado, o governo de S\u00e3o Paulo vai investir R$ 19,1 milh\u00f5es <\/p>\n","protected":false},"author":1,"featured_media":0,"comment_status":"open","ping_status":"closed","sticky":false,"template":"","format":"standard","meta":{"footnotes":""},"categories":[6],"tags":[15],"class_list":["post-839","post","type-post","status-publish","format-standard","hentry","category-noticias-em-sao-bernardo","tag-sao-bernardo-do-campo"],"aioseo_notices":[],"_links":{"self":[{"href":"https:\/\/www.encontrasaobernardo.com.br\/sobre\/wp-json\/wp\/v2\/posts\/839","targetHints":{"allow":["GET"]}}],"collection":[{"href":"https:\/\/www.encontrasaobernardo.com.br\/sobre\/wp-json\/wp\/v2\/posts"}],"about":[{"href":"https:\/\/www.encontrasaobernardo.com.br\/sobre\/wp-json\/wp\/v2\/types\/post"}],"author":[{"embeddable":true,"href":"https:\/\/www.encontrasaobernardo.com.br\/sobre\/wp-json\/wp\/v2\/users\/1"}],"replies":[{"embeddable":true,"href":"https:\/\/www.encontrasaobernardo.com.br\/sobre\/wp-json\/wp\/v2\/comments?post=839"}],"version-history":[{"count":0,"href":"https:\/\/www.encontrasaobernardo.com.br\/sobre\/wp-json\/wp\/v2\/posts\/839\/revisions"}],"wp:attachment":[{"href":"https:\/\/www.encontrasaobernardo.com.br\/sobre\/wp-json\/wp\/v2\/media?parent=839"}],"wp:term":[{"taxonomy":"category","embeddable":true,"href":"https:\/\/www.encontrasaobernardo.com.br\/sobre\/wp-json\/wp\/v2\/categories?post=839"},{"taxonomy":"post_tag","embeddable":true,"href":"https:\/\/www.encontrasaobernardo.com.br\/sobre\/wp-json\/wp\/v2\/tags?post=839"}],"curies":[{"name":"wp","href":"https:\/\/api.w.org\/{rel}","templated":true}]}}