{"id":825,"date":"2012-05-22T17:36:14","date_gmt":"2012-05-22T20:36:14","guid":{"rendered":"http:\/\/www.encontrasaobernardo.com.br\/noticias\/?p=825"},"modified":"2019-04-12T16:42:37","modified_gmt":"2019-04-12T19:42:37","slug":"sao-bernardo-feira-de-moveis-na-rua-jurubatuba-tem-descontos-de-ate-70","status":"publish","type":"post","link":"https:\/\/www.encontrasaobernardo.com.br\/sobre\/sao-bernardo-feira-de-moveis-na-rua-jurubatuba-tem-descontos-de-ate-70\/","title":{"rendered":"S\u00e3o Bernardo: Feira de M\u00f3veis na Rua Jurubatuba tem descontos de at\u00e9 70%"},"content":{"rendered":"<div class=\"b7a9cc72b38518383f4213f1240ff05a\" data-index=\"1\" style=\"float: none; margin:0px;\">\n<!-- Anuncio display - global -->\r\n<ins class=\"adsbygoogle\"\r\n     style=\"display:block\"\r\n     data-ad-client=\"ca-pub-8585364105181520\"\r\n     data-ad-slot=\"8789329856\"\r\n     data-ad-format=\"auto\"\r\n     data-full-width-responsive=\"true\"><\/ins>\r\n<script>\r\n     (adsbygoogle = window.adsbygoogle || []).push({});\r\n<\/script>\n<\/div>\n<p>Come\u00e7ou neste s\u00e1bado (19) a 3\u00aa Edi\u00e7\u00e3o da Feira de M\u00f3veis da Rua Jurubatuba. O evento, que vai at\u00e9 o dia 27 deste m\u00eas, apresenta vantagens para o consumidor, como descontos que variam de 30% a 70% e prazos diferenciados para a entrega dos produtos. O hor\u00e1rio de funcionamento ser\u00e1 das 10h \u00e0s 22h, durante todo o per\u00edodo. S\u00e3o esperados cerca de 40 mil visitantes.<\/p>\n<p>A Feira de M\u00f3veis da Rua Jurubatuba re\u00fane cerca de 75 lojistas e tem como objetivo aquecer o setor moveleiro e de decora\u00e7\u00e3o, com o aumento das vendas, associativismo e cooperativismo, al\u00e9m de parceria entre o poder p\u00fablico e os lojistas. A Rua Jurubatuba \u00e9 considerada importante polo econ\u00f4mico da cidade e faz parte do processo de revitaliza\u00e7\u00e3o dos principais corredores comerciais do centro.<\/p>\n<p>A 1\u00aa edi\u00e7\u00e3o foi realizada em junho do ano passado. Cerca de 40 mil visitantes marcaram presen\u00e7a, vindos de todas as cidades do ABC. O faturamento ficou em torno dos R$ 6,5 milh\u00f5es. Diante do sucesso, foi realizado em outubro do mesmo ano a 2\u00aa edi\u00e7\u00e3o, que envolveu cerca de 75 comerciantes e teve faturamento de R$ 8 milh\u00f5es.<\/p>\n<p>Segundo o secret\u00e1rio municipal de Desenvolvimento Econ\u00f4mico, Trabalho e Turismo, isso contribui para fomentar a cria\u00e7\u00e3o de novas oportunidades de neg\u00f3cio. &#8220;Sem d\u00favida, a iniciativa trar\u00e1 um resultado positivo para clientes, lojistas e todo o munic\u00edpio&#8221;, disse.<\/p>\n<p>A Prefeitura de S\u00e3o Bernardo, por meio do Grupo de Trabalho (GT) Moveleiro, oferece uma infraestrutura diferenciada para o evento. Assim como nas duas edi\u00e7\u00f5es anteriores, dois quarteir\u00f5es ter\u00e3o as cal\u00e7adas alargadas, haver\u00e1 decora\u00e7\u00e3o ao longo da rua com 12 jardins compostos de bancos e fontes, pra\u00e7a de alimenta\u00e7\u00e3o entre as ruas Jos\u00e9 Pelosini com a Jurubatuba e eventos culturais e art\u00edsticos, como pintura em crian\u00e7as e m\u00fasica. Nos fins de semana, os estacionamentos do Pa\u00e7o Municipal e da Secretaria de Desenvolvimento Social e Cidadania (Sedesc) estar\u00e3o abertos ao p\u00fablico. Placas de acesso indicar\u00e3o as vias para a feira.<\/p>\n<p><strong>Hist\u00f3rico \u2013\u00a0<\/strong>A feira busca resgatar o elo hist\u00f3rico de S\u00e3o Bernardo com o setor de m\u00f3veis, uma das principais raz\u00f5es para a manuten\u00e7\u00e3o do crescimento econ\u00f4mico e demogr\u00e1fico da cidade no in\u00edcio do s\u00e9culo XX. Tradicionais fam\u00edlias da cidade, principalmente de imigrantes, tiveram seus nomes associados \u00e0 ind\u00fastria moveleira, o que colocou o munic\u00edpio como a Cidade do M\u00f3vel, antes de se tornar a Cidade do Autom\u00f3vel. As feiras de m\u00f3veis locais eram refer\u00eancias at\u00e9 o fim dos anos 1950.<\/p>\n<p><em>Fonte: Prefeitura de S\u00e3o Bernardo<\/em><\/p>\n\n<div style=\"font-size: 0px; height: 0px; line-height: 0px; margin: 0; padding: 0; clear: both;\"><\/div>","protected":false},"excerpt":{"rendered":"<p>Come\u00e7ou neste s\u00e1bado (19) a 3\u00aa Edi\u00e7\u00e3o da Feira de M\u00f3veis da Rua Jurubatuba. O evento, que vai at\u00e9 o dia 27 deste m\u00eas, apresenta vantagens para o consumidor, como descontos que variam de 30% a 70% e prazos diferenciados para a entrega dos produtos. O hor\u00e1rio de funcionamento ser\u00e1 das 10h \u00e0s 22h, durante todo o per\u00edodo. S\u00e3o esperados cerca de 40 mil visitantes. A Feira de M\u00f3veis da Rua Jurubatuba re\u00fane cerca de 75 lojistas e tem como objetivo aquecer o setor moveleiro e de decora\u00e7\u00e3o, com o aumento das vendas, associativismo e cooperativismo, al\u00e9m de parceria entre <\/p>\n","protected":false},"author":1,"featured_media":0,"comment_status":"open","ping_status":"closed","sticky":false,"template":"","format":"standard","meta":{"footnotes":""},"categories":[6],"tags":[14],"class_list":["post-825","post","type-post","status-publish","format-standard","hentry","category-noticias-em-sao-bernardo","tag-sao-bernardo"],"aioseo_notices":[],"_links":{"self":[{"href":"https:\/\/www.encontrasaobernardo.com.br\/sobre\/wp-json\/wp\/v2\/posts\/825","targetHints":{"allow":["GET"]}}],"collection":[{"href":"https:\/\/www.encontrasaobernardo.com.br\/sobre\/wp-json\/wp\/v2\/posts"}],"about":[{"href":"https:\/\/www.encontrasaobernardo.com.br\/sobre\/wp-json\/wp\/v2\/types\/post"}],"author":[{"embeddable":true,"href":"https:\/\/www.encontrasaobernardo.com.br\/sobre\/wp-json\/wp\/v2\/users\/1"}],"replies":[{"embeddable":true,"href":"https:\/\/www.encontrasaobernardo.com.br\/sobre\/wp-json\/wp\/v2\/comments?post=825"}],"version-history":[{"count":0,"href":"https:\/\/www.encontrasaobernardo.com.br\/sobre\/wp-json\/wp\/v2\/posts\/825\/revisions"}],"wp:attachment":[{"href":"https:\/\/www.encontrasaobernardo.com.br\/sobre\/wp-json\/wp\/v2\/media?parent=825"}],"wp:term":[{"taxonomy":"category","embeddable":true,"href":"https:\/\/www.encontrasaobernardo.com.br\/sobre\/wp-json\/wp\/v2\/categories?post=825"},{"taxonomy":"post_tag","embeddable":true,"href":"https:\/\/www.encontrasaobernardo.com.br\/sobre\/wp-json\/wp\/v2\/tags?post=825"}],"curies":[{"name":"wp","href":"https:\/\/api.w.org\/{rel}","templated":true}]}}