{"id":813,"date":"2012-05-15T16:54:23","date_gmt":"2012-05-15T19:54:23","guid":{"rendered":"http:\/\/www.encontrasaobernardo.com.br\/noticias\/?p=813"},"modified":"2019-04-12T16:42:37","modified_gmt":"2019-04-12T19:42:37","slug":"professores-de-sao-bernardo-entram-em-greve-por-24-horas","status":"publish","type":"post","link":"https:\/\/www.encontrasaobernardo.com.br\/sobre\/professores-de-sao-bernardo-entram-em-greve-por-24-horas\/","title":{"rendered":"Professores de S\u00e3o Bernardo entram em greve por 24 horas"},"content":{"rendered":"<div class=\"b7a9cc72b38518383f4213f1240ff05a\" data-index=\"1\" style=\"float: none; margin:0px;\">\n<!-- Anuncio display - global -->\r\n<ins class=\"adsbygoogle\"\r\n     style=\"display:block\"\r\n     data-ad-client=\"ca-pub-8585364105181520\"\r\n     data-ad-slot=\"8789329856\"\r\n     data-ad-format=\"auto\"\r\n     data-full-width-responsive=\"true\"><\/ins>\r\n<script>\r\n     (adsbygoogle = window.adsbygoogle || []).push({});\r\n<\/script>\n<\/div>\n<p>Os professores e profissionais da \u00e1rea da educa\u00e7\u00e3o da cidade de S\u00e3o Bernardo do Campo iniciaram, nesta ter\u00e7a-feira (15), uma\u00a0paralisa\u00e7\u00e3o de 24 horas para reivindicar a implanta\u00e7\u00e3o do Estatuto do Magist\u00e9rio e dos Profissionais da Educa\u00e7\u00e3o na cidade.<\/p>\n<p>Segundo informa\u00e7\u00f5es do Sindicato dos Servidores P\u00fablicos Municipais e Aut\u00e1rquicos, cerca de 3.000 profissionais da categoria se reuniram na manh\u00e3 desta ter\u00e7a-feira nas ruas do centro da cidade para protestar.<\/p>\n<p>A manifesta\u00e7\u00e3o seguir\u00e1 por toda tarde e deve seguir para o bairro do Planalto, onde ser\u00e1 realizada a abertura do 5\u00b0 Forum Nacional da UNIME (Uni\u00e3o Nacional dos Dirigentes Municipais de Educa\u00e7\u00e3o), que contar\u00e1 com a presen\u00e7a do ministro da Educa\u00e7\u00e3o, Aloizio Mercadante, e de\u00a0secret\u00e1rios de educa\u00e7\u00e3o de diversas cidades.<strong><br \/>\n<\/strong><br \/>\nO Estatuto do Magist\u00e9rio e dos Profissionais da Educa\u00e7\u00e3o foi aprovado em mar\u00e7o pelo no Congresso da Educa\u00e7\u00e3o da cidade, constru\u00eddo por dois anos pelo pr\u00f3prio sindicato e abrange direitos dos educadores para todos os profissionais da categoria, como inspetores, auxiliares escolares, entre outros. Entre os diretos mencionados est\u00e1 o plano de carreira.<\/p>\n<p>Para que o novo estatuto entre em vigor na rede municipal, o projeto deve ser encaminhado para a <a href=\"http:\/\/www.encontrasaobernardo.com.br\/sao-bernardo\/camara-municipal-sao-bernardo.shtml\" target=\"_blank\">C\u00e2mara de S\u00e3o Bernardo<\/a>. Atualmente, o Estatuto do Magist\u00e9rio que est\u00e1 em vigor na cidade garante direitos apenas para os docentes.<\/p>\n<p>Segundo avalia\u00e7\u00e3o do sindicato, mais de 60 % da categoria aderiu a greve. Parte das escolas pararam 100%, outras 70%, 50%, 40% e 5%.<\/p>\n<p>A assessoria de comunica\u00e7\u00e3o da prefeitura informou, em nota, que &#8220;h\u00e1 dois anos abriu discuss\u00e3o com os servidores sobre as mudan\u00e7as nos estatutos do Magist\u00e9rio e dos Profissionais da Educa\u00e7\u00e3o.<\/p>\n<p>A pasta ainda informa que a &#8220;comiss\u00e3o de funcion\u00e1rios apresentou, no in\u00edcio de abril, uma proposta de texto para a Secretaria de Educa\u00e7\u00e3o, que, por sua vez, apresentou alguns pontos para iniciar o debate para a constru\u00e7\u00e3o do Estatuto. Neste momento, a comiss\u00e3o, equivocadamente, est\u00e1 levando os profissionais da Educa\u00e7\u00e3o a acreditarem que as observa\u00e7\u00f5es s\u00e3o a vers\u00e3o final da proposta da Secretaria, o que n\u00e3o corresponde \u00e0 verdade&#8221;.<\/p>\n<p><em>Fonte: R7<\/em><\/p>\n\n<div style=\"font-size: 0px; height: 0px; line-height: 0px; margin: 0; padding: 0; clear: both;\"><\/div>","protected":false},"excerpt":{"rendered":"<p>Os professores e profissionais da \u00e1rea da educa\u00e7\u00e3o da cidade de S\u00e3o Bernardo do Campo iniciaram, nesta ter\u00e7a-feira (15), uma\u00a0paralisa\u00e7\u00e3o de 24 horas para reivindicar a implanta\u00e7\u00e3o do Estatuto do Magist\u00e9rio e dos Profissionais da Educa\u00e7\u00e3o na cidade. Segundo informa\u00e7\u00f5es do Sindicato dos Servidores P\u00fablicos Municipais e Aut\u00e1rquicos, cerca de 3.000 profissionais da categoria se reuniram na manh\u00e3 desta ter\u00e7a-feira nas ruas do centro da cidade para protestar. A manifesta\u00e7\u00e3o seguir\u00e1 por toda tarde e deve seguir para o bairro do Planalto, onde ser\u00e1 realizada a abertura do 5\u00b0 Forum Nacional da UNIME (Uni\u00e3o Nacional dos Dirigentes Municipais de Educa\u00e7\u00e3o), <\/p>\n","protected":false},"author":1,"featured_media":0,"comment_status":"open","ping_status":"closed","sticky":false,"template":"","format":"standard","meta":{"footnotes":""},"categories":[6],"tags":[14],"class_list":["post-813","post","type-post","status-publish","format-standard","hentry","category-noticias-em-sao-bernardo","tag-sao-bernardo"],"aioseo_notices":[],"_links":{"self":[{"href":"https:\/\/www.encontrasaobernardo.com.br\/sobre\/wp-json\/wp\/v2\/posts\/813","targetHints":{"allow":["GET"]}}],"collection":[{"href":"https:\/\/www.encontrasaobernardo.com.br\/sobre\/wp-json\/wp\/v2\/posts"}],"about":[{"href":"https:\/\/www.encontrasaobernardo.com.br\/sobre\/wp-json\/wp\/v2\/types\/post"}],"author":[{"embeddable":true,"href":"https:\/\/www.encontrasaobernardo.com.br\/sobre\/wp-json\/wp\/v2\/users\/1"}],"replies":[{"embeddable":true,"href":"https:\/\/www.encontrasaobernardo.com.br\/sobre\/wp-json\/wp\/v2\/comments?post=813"}],"version-history":[{"count":0,"href":"https:\/\/www.encontrasaobernardo.com.br\/sobre\/wp-json\/wp\/v2\/posts\/813\/revisions"}],"wp:attachment":[{"href":"https:\/\/www.encontrasaobernardo.com.br\/sobre\/wp-json\/wp\/v2\/media?parent=813"}],"wp:term":[{"taxonomy":"category","embeddable":true,"href":"https:\/\/www.encontrasaobernardo.com.br\/sobre\/wp-json\/wp\/v2\/categories?post=813"},{"taxonomy":"post_tag","embeddable":true,"href":"https:\/\/www.encontrasaobernardo.com.br\/sobre\/wp-json\/wp\/v2\/tags?post=813"}],"curies":[{"name":"wp","href":"https:\/\/api.w.org\/{rel}","templated":true}]}}