{"id":81,"date":"2011-01-04T19:25:08","date_gmt":"2011-01-04T21:25:08","guid":{"rendered":"http:\/\/www.encontrasaobernardo.com.br\/noticias\/?p=81"},"modified":"2019-04-12T16:45:22","modified_gmt":"2019-04-12T19:45:22","slug":"calorosa-despedida-para-lula-em-brasilia-e-em-sao-bernardo","status":"publish","type":"post","link":"https:\/\/www.encontrasaobernardo.com.br\/sobre\/calorosa-despedida-para-lula-em-brasilia-e-em-sao-bernardo\/","title":{"rendered":"Calorosa despedida para Lula em Bras\u00edlia e em S\u00e3o Bernardo"},"content":{"rendered":"<div class=\"b7a9cc72b38518383f4213f1240ff05a\" data-index=\"1\" style=\"float: none; margin:0px;\">\n<!-- Anuncio display - global -->\r\n<ins class=\"adsbygoogle\"\r\n     style=\"display:block\"\r\n     data-ad-client=\"ca-pub-8585364105181520\"\r\n     data-ad-slot=\"8789329856\"\r\n     data-ad-format=\"auto\"\r\n     data-full-width-responsive=\"true\"><\/ins>\r\n<script>\r\n     (adsbygoogle = window.adsbygoogle || []).push({});\r\n<\/script>\n<\/div>\n<p>O cumprimento caloroso na despedida. Os \u00faltimos passos na sede do poder. Depois de oito anos, o adeus a Bras\u00edlia.<\/p>\n<p>De volta a S\u00e3o Paulo, o ex-presidente Luiz In\u00e1cio Lula da Silva cumpriu a promessa: visitar o amigo Jos\u00e9 Alencar. A chegada ao hospital foi gravada pelos primos Jamal e Sleiman. Eles acompanhavam um tio que est\u00e1 internado e conseguiram se aproximar do ex-presidente.<\/p>\n<p>\u201cA gente deu um abra\u00e7o nele, tiramos foto com ele\u2019\u201d, disse Jamal, contando a resposta do ex-presidente.<\/p>\n<p>Faixa de boas-vindas em S\u00e3o Bernardo e m\u00fasica \u201cQueria dar um abra\u00e7o nele, n\u00e3o sei se consigo, mas vamos tentar\u201d, diz Rose Mariano, uma amiga de Lula.<\/p>\n<p>Dona Marisa, ex-primeira-dama, chegou primeiro.Perguntada sobre o que Lula ir\u00e1 fazer a partir de agora, ela respondeu: \u201cVai cuidar de mim. J\u00e1 cuidei dele, agora vai ter que cuidar de mim\u201d.<\/p>\n<p>\u00c0s 22h40min, sob chuva, Lula chega em S\u00e3o Bernardo do Campo. Esse passa a ser de novo o endere\u00e7o oficial do ex-presidente. Ali ele \u00e9 recepcionado, \u00e9 recebido por uma multid\u00e3o que faz festa aqui em S\u00e3o Bernardo do Campo.<\/p>\n<p>Na companhia do presidente do Senado Jos\u00e9 Sarney e de pol\u00edticos do PT, Lula ouviu m\u00fasica sertaneja, recebeu cartas e dan\u00e7ou ao lado de Marisa. Lula tirou foto com crian\u00e7as e recebeu um trof\u00e9u do Sindicato dos Metal\u00fargicos. \u201cEle tem muita cara de povo mesmo\u201d, disse Rosita Ferreira, t\u00e9cnica de enfermagem.<\/p>\n<p>Entre muitas homenagens, Lula recebeu a chave de S\u00e3o Bernardo do Campo. No discurso, agradeceu aos brasileiros e falou sobre o retorno.<\/p>\n<p>\u201cVolto para casa com a cabe\u00e7a erguida e com a sensa\u00e7\u00e3o de dever cumprido\u201d.<\/p>\n<p>De garganta seca, brincou com a mudan\u00e7a na rotina.\u201dMe arruma uma \u00e1gua a\u00ed. Eu quando era presidente, eu n\u00e3o pedia \u00e1gua porque tinha sempre um copinho. J\u00e1 comecei a pedir a \u00e1gua aqui\u201d, brincou<\/p>\n<p>Lula pediu apoio ao novo governo. \u201cAgora, o que eu pe\u00e7o para voc\u00eas \u00e9 que com o mesmo carinho que voc\u00eas me apoiaram a gente tem que apoiar a companheira Dilma. Os advers\u00e1rios s\u00e3o os mesmos, os preconceitos s\u00e3o maiores ou muito mais\u201d.<\/p>\n<p>O ex-presidente tamb\u00e9m falou sobre o futuro. \u201cO fato de eu ter deixado a Presid\u00eancia da Rep\u00fablica n\u00e3o significa que eu deixei a pol\u00edtica. Eu quero levar para a Am\u00e9rica Latina as experi\u00eancias bem-sucedidas no Brasil. Mas eu quero continuar aqui dentro do Brasil, ajudando a companheira Dilma, quando ela precisar, quando ela me chamar, ou melhor, quando ela me convocar, eu estarei \u00e0 disposi\u00e7\u00e3o para ajudar Dilma&#8221;.<\/p>\n<p>Mas, antes, Lula quer f\u00e9rias. \u201cQuero descansar pelo menos 20 dias&#8221;. E tamb\u00e9m matar uma saudade. Sei de coisa que quero fazer. Voltar ao Pacaembu para assistir jogo do Corinthians da arquibancada, isso eu quero fazer!\u201d.<\/p>\n<p>A dificuldade para chegar em casa indica que n\u00e3o vai ser f\u00e1cil voltar a ser um cidad\u00e3o comum. Lula \u00e9 abra\u00e7ado, beijado. Cumprimenta pessoas neste domingo (1), mesmo debaixo de chuva, um grupo fazia plant\u00e3o na porta do pr\u00e9dio. E lula, mais uma vez, n\u00e3o desapontou.<\/p>\n<p><em>Fonte: G1<\/em><\/p>\n\n<div style=\"font-size: 0px; height: 0px; line-height: 0px; margin: 0; padding: 0; clear: both;\"><\/div>","protected":false},"excerpt":{"rendered":"<p>O cumprimento caloroso na despedida. Os \u00faltimos passos na sede do poder. Depois de oito anos, o adeus a Bras\u00edlia. De volta a S\u00e3o Paulo, o ex-presidente Luiz In\u00e1cio Lula da Silva cumpriu a promessa: visitar o amigo Jos\u00e9 Alencar. A chegada ao hospital foi gravada pelos primos Jamal e Sleiman. Eles acompanhavam um tio que est\u00e1 internado e conseguiram se aproximar do ex-presidente. \u201cA gente deu um abra\u00e7o nele, tiramos foto com ele\u2019\u201d, disse Jamal, contando a resposta do ex-presidente. Faixa de boas-vindas em S\u00e3o Bernardo e m\u00fasica \u201cQueria dar um abra\u00e7o nele, n\u00e3o sei se consigo, mas vamos <\/p>\n","protected":false},"author":1,"featured_media":0,"comment_status":"open","ping_status":"closed","sticky":false,"template":"","format":"standard","meta":{"footnotes":""},"categories":[6],"tags":[14],"class_list":["post-81","post","type-post","status-publish","format-standard","hentry","category-noticias-em-sao-bernardo","tag-sao-bernardo"],"aioseo_notices":[],"_links":{"self":[{"href":"https:\/\/www.encontrasaobernardo.com.br\/sobre\/wp-json\/wp\/v2\/posts\/81","targetHints":{"allow":["GET"]}}],"collection":[{"href":"https:\/\/www.encontrasaobernardo.com.br\/sobre\/wp-json\/wp\/v2\/posts"}],"about":[{"href":"https:\/\/www.encontrasaobernardo.com.br\/sobre\/wp-json\/wp\/v2\/types\/post"}],"author":[{"embeddable":true,"href":"https:\/\/www.encontrasaobernardo.com.br\/sobre\/wp-json\/wp\/v2\/users\/1"}],"replies":[{"embeddable":true,"href":"https:\/\/www.encontrasaobernardo.com.br\/sobre\/wp-json\/wp\/v2\/comments?post=81"}],"version-history":[{"count":0,"href":"https:\/\/www.encontrasaobernardo.com.br\/sobre\/wp-json\/wp\/v2\/posts\/81\/revisions"}],"wp:attachment":[{"href":"https:\/\/www.encontrasaobernardo.com.br\/sobre\/wp-json\/wp\/v2\/media?parent=81"}],"wp:term":[{"taxonomy":"category","embeddable":true,"href":"https:\/\/www.encontrasaobernardo.com.br\/sobre\/wp-json\/wp\/v2\/categories?post=81"},{"taxonomy":"post_tag","embeddable":true,"href":"https:\/\/www.encontrasaobernardo.com.br\/sobre\/wp-json\/wp\/v2\/tags?post=81"}],"curies":[{"name":"wp","href":"https:\/\/api.w.org\/{rel}","templated":true}]}}