{"id":809,"date":"2012-05-10T18:54:49","date_gmt":"2012-05-10T21:54:49","guid":{"rendered":"http:\/\/www.encontrasaobernardo.com.br\/noticias\/?p=809"},"modified":"2019-04-12T16:42:37","modified_gmt":"2019-04-12T19:42:37","slug":"novo-caps-24-horas-atendera-cerca-de-600-pacientes-por-mes-em-sao-bernardo","status":"publish","type":"post","link":"https:\/\/www.encontrasaobernardo.com.br\/sobre\/novo-caps-24-horas-atendera-cerca-de-600-pacientes-por-mes-em-sao-bernardo\/","title":{"rendered":"Novo Caps 24 horas atender\u00e1 cerca de 600 pacientes por m\u00eas em S\u00e3o Bernardo"},"content":{"rendered":"<div class=\"b7a9cc72b38518383f4213f1240ff05a\" data-index=\"1\" style=\"float: none; margin:0px;\">\n<!-- Anuncio display - global -->\r\n<ins class=\"adsbygoogle\"\r\n     style=\"display:block\"\r\n     data-ad-client=\"ca-pub-8585364105181520\"\r\n     data-ad-slot=\"8789329856\"\r\n     data-ad-format=\"auto\"\r\n     data-full-width-responsive=\"true\"><\/ins>\r\n<script>\r\n     (adsbygoogle = window.adsbygoogle || []).push({});\r\n<\/script>\n<\/div>\n<p>A prefeitura de S\u00e3o Bernardo inaugurou na tarde desta ter\u00e7a-feira (8) o novo Centro de Aten\u00e7\u00e3o Psicossocial (Caps). A unidade, no Nova Petr\u00f3polis, \u00e9 a quinta da cidade e abranger\u00e1 os bairros atendidos pelas UBSs Farina, S\u00e3o Pedro e Parque S\u00e3o Bernardo, al\u00e9m da demanda encaminhada pela UPA Vila S\u00e3o Pedro.<\/p>\n<p>O Caps Farina \u00e9 do tipo III, ou seja, funcionar\u00e1 24 horas por dia, e vai atender portadores de transtornos severos e persistentes, independentemente de idade e sexo. A popula\u00e7\u00e3o estimada nessa \u00e1rea \u00e9 de 155.586 pessoas.<\/p>\n<p>&#8220;Essas pessoas merecem o melhor atendimento poss\u00edvel. A Prefeitura tem olhado com carinho para essa \u00e1rea psicossocial, oferecendo aos pacientes tratamento com dignidade e respeito&#8221;, afirmou o prefeito da cidade.<\/p>\n<p>O Caps ter\u00e1 dois psic\u00f3logos, dois terapeutas ocupacionais, dois assistentes sociais, tr\u00eas enfermeiros, dois m\u00e9dicos psiquiatras, 14 t\u00e9cnicos de enfermagem, um educador f\u00edsico, quatro monitores de oficina terap\u00eautica, um oficial administrativo, dois recepcionistas, um auxiliar de farm\u00e1cia e um auxiliar de copa. A unidade do Farina dever\u00e1 realizar de 500 a 600 atendimentos por m\u00eas.<\/p>\n<p>O tratamento envolver\u00e1 psicoterapia, consultas m\u00e9dicas, medica\u00e7\u00e3o, oficinas terap\u00eauticas, atividades f\u00edsicas e atendimento dos familiares, entre outras a\u00e7\u00f5es. As primeiras oficinas j\u00e1 programadas ser\u00e3o as de culin\u00e1ria, jornal, r\u00e1dio, artes pl\u00e1sticas e m\u00fasica. O atendimento \u00e9 feito em rede, mantendo-se a articula\u00e7\u00e3o com as unidades de urg\u00eancia, emerg\u00eancia e aten\u00e7\u00e3o b\u00e1sica. O Caps ter\u00e1 seis leitos de acolhimento, sendo tr\u00eas masculinos e tr\u00eas femininos.<\/p>\n<p>&#8220;Cada paciente vai ter atendimento individualizado e tratado de acordo com suas necessidades. N\u00e3o adianta deixar ningu\u00e9m confinado em lugares sem condi\u00e7\u00f5es&#8221;, disse o secret\u00e1rio municipal de Sa\u00fade.<\/p>\n<p>Os outros Caps de S\u00e3o Bernardo s\u00e3o destinados ao p\u00fablico infantil (transtornos ps\u00edquicos), infanto-juvenil (\u00e1lcool e drogas) e dois para adulto (transtornos ps\u00edquicos e \u00e1lcool e drogas). Existem na cidade ainda quatro resid\u00eancias terap\u00eauticas voltadas para pessoas com algum tipo de defici\u00eancia intelectual que estavam internadas em manic\u00f4mios e perderam o v\u00ednculo familiar.<\/p>\n<p>O Caps Farina fica na Rua Vicente Galafassi, 110, no Bairro Nova Petr\u00f3polis.<\/p>\n<p><em>Fonte: Prefeitura de S\u00e3o Bernardo<\/em><\/p>\n\n<div style=\"font-size: 0px; height: 0px; line-height: 0px; margin: 0; padding: 0; clear: both;\"><\/div>","protected":false},"excerpt":{"rendered":"<p>A prefeitura de S\u00e3o Bernardo inaugurou na tarde desta ter\u00e7a-feira (8) o novo Centro de Aten\u00e7\u00e3o Psicossocial (Caps). A unidade, no Nova Petr\u00f3polis, \u00e9 a quinta da cidade e abranger\u00e1 os bairros atendidos pelas UBSs Farina, S\u00e3o Pedro e Parque S\u00e3o Bernardo, al\u00e9m da demanda encaminhada pela UPA Vila S\u00e3o Pedro. O Caps Farina \u00e9 do tipo III, ou seja, funcionar\u00e1 24 horas por dia, e vai atender portadores de transtornos severos e persistentes, independentemente de idade e sexo. A popula\u00e7\u00e3o estimada nessa \u00e1rea \u00e9 de 155.586 pessoas. &#8220;Essas pessoas merecem o melhor atendimento poss\u00edvel. A Prefeitura tem olhado com <\/p>\n","protected":false},"author":1,"featured_media":0,"comment_status":"open","ping_status":"closed","sticky":false,"template":"","format":"standard","meta":{"footnotes":""},"categories":[6],"tags":[14],"class_list":["post-809","post","type-post","status-publish","format-standard","hentry","category-noticias-em-sao-bernardo","tag-sao-bernardo"],"aioseo_notices":[],"_links":{"self":[{"href":"https:\/\/www.encontrasaobernardo.com.br\/sobre\/wp-json\/wp\/v2\/posts\/809","targetHints":{"allow":["GET"]}}],"collection":[{"href":"https:\/\/www.encontrasaobernardo.com.br\/sobre\/wp-json\/wp\/v2\/posts"}],"about":[{"href":"https:\/\/www.encontrasaobernardo.com.br\/sobre\/wp-json\/wp\/v2\/types\/post"}],"author":[{"embeddable":true,"href":"https:\/\/www.encontrasaobernardo.com.br\/sobre\/wp-json\/wp\/v2\/users\/1"}],"replies":[{"embeddable":true,"href":"https:\/\/www.encontrasaobernardo.com.br\/sobre\/wp-json\/wp\/v2\/comments?post=809"}],"version-history":[{"count":0,"href":"https:\/\/www.encontrasaobernardo.com.br\/sobre\/wp-json\/wp\/v2\/posts\/809\/revisions"}],"wp:attachment":[{"href":"https:\/\/www.encontrasaobernardo.com.br\/sobre\/wp-json\/wp\/v2\/media?parent=809"}],"wp:term":[{"taxonomy":"category","embeddable":true,"href":"https:\/\/www.encontrasaobernardo.com.br\/sobre\/wp-json\/wp\/v2\/categories?post=809"},{"taxonomy":"post_tag","embeddable":true,"href":"https:\/\/www.encontrasaobernardo.com.br\/sobre\/wp-json\/wp\/v2\/tags?post=809"}],"curies":[{"name":"wp","href":"https:\/\/api.w.org\/{rel}","templated":true}]}}