{"id":799,"date":"2012-05-03T18:42:35","date_gmt":"2012-05-03T21:42:35","guid":{"rendered":"http:\/\/www.encontrasaobernardo.com.br\/noticias\/?p=799"},"modified":"2019-04-12T16:42:37","modified_gmt":"2019-04-12T19:42:37","slug":"festa-em-sao-bernardo-atrai-60-mil-pessoas","status":"publish","type":"post","link":"https:\/\/www.encontrasaobernardo.com.br\/sobre\/festa-em-sao-bernardo-atrai-60-mil-pessoas\/","title":{"rendered":"Festa em S\u00e3o Bernardo atrai 60 mil pessoas"},"content":{"rendered":"<div class=\"b7a9cc72b38518383f4213f1240ff05a\" data-index=\"1\" style=\"float: none; margin:0px;\">\n<!-- Anuncio display - global -->\r\n<ins class=\"adsbygoogle\"\r\n     style=\"display:block\"\r\n     data-ad-client=\"ca-pub-8585364105181520\"\r\n     data-ad-slot=\"8789329856\"\r\n     data-ad-format=\"auto\"\r\n     data-full-width-responsive=\"true\"><\/ins>\r\n<script>\r\n     (adsbygoogle = window.adsbygoogle || []).push({});\r\n<\/script>\n<\/div>\n<p>O vento gelado e a temperatura baixa n\u00e3o intimidaram os moradores do Grande ABC que, no come\u00e7o da manh\u00e3 de ter\u00e7a-feira (1\u00ba), j\u00e1 se concentravam no <a href=\"http:\/\/www.encontrasaobernardo.com.br\/sao-bernardo\/paco-municipal-sao-bernardo.shtml\" target=\"_blank\">Pa\u00e7o Municipal<\/a>, em S\u00e3o Bernardo, para comemorar o Dia do Trabalho. A cidade foi a \u00fanica da regi\u00e3o a promover festa em homenagem aos trabalhadores. Por esse motivo o p\u00fablico estimado pela Pol\u00edcia Militar, de 60 mil pessoas, foi bastante superior ao do evento no ano passado, de 10 mil &#8211; tamb\u00e9m prejudicado pela chuva. Segundo o Sindicato dos Metal\u00fargicos do ABC, que encabe\u00e7ou a organiza\u00e7\u00e3o da festa, 100 mil trabalhadores estiveram presentes.<\/p>\n<p>Foram investidos R$ 630 mil no evento para que fossem reunidos artistas como Luan Santana, Zez\u00e9 Di Camargo &amp; Luciano, Paula Fernandes, Bruno &amp; Marrone, Jo\u00e3o Bosco &amp; Vin\u00edcius e Leonardo, que se emocionou durante a apresenta\u00e7\u00e3o e, logo em seguida, voltou ao hospital para acompanhar seu filho Pedro.<\/p>\n<p>Apesar da data comemorativa, muitos profissionais est\u00e3o insatisfeitos com os benef\u00edcios recebidos. &#8220;O sal\u00e1rio ainda \u00e9 baixo. Preciso trabalhar em tr\u00eas escolas diferentes para ter renda suficiente para pagar as contas&#8221;, comentou a professora de Educa\u00e7\u00e3o F\u00edsica Rosemar de Lima, 31 anos, de S\u00e3o Bernardo. J\u00e1 o soldador de Mau\u00e1 Sebasti\u00e3o Mendes de S\u00e1 reclama das condi\u00e7\u00f5es de trabalho. &#8220;Falta seguran\u00e7a. Muitos acidentes acontecem no dia a dia porque as regras e as normas n\u00e3o s\u00e3o seguidas.&#8221;<\/p>\n<p>O presidente do Sindicato dos Metal\u00fargicos do ABC, S\u00e9rgio Nobre, destacou as mudan\u00e7as que a categoria pretende pleitear junto ao novo ministro do Trabalho e Emprego, Leonel Brizola Neto. &#8220;A primeira coisa que temos que fazer quando o ministro sentar na cadeira (ele assume o cargo na quinta-feira) \u00e9 levar a agenda da ind\u00fastria. A maioria dos empregos gerados n\u00e3o \u00e9 no setor&#8221;, enfatizou. &#8220;Se ele quiser ser um grande ministro tem que concentrar todas as demandas da classe trabalhadora, que nos \u00faltimos meses ficaram pulverizadas (entre outras Pastas).&#8221;<\/p>\n<p>Na avalia\u00e7\u00e3o do prefeito de S\u00e3o Bernardo, Luiz Marinho, \u00e9 preciso retomar o moral do MTE. &#8220;A atua\u00e7\u00e3o do minist\u00e9rio tem de ser resgatada. Nos \u00faltimos anos ela estava muito acanhada. H\u00e1 espa\u00e7o para priorizar a qualifica\u00e7\u00e3o de m\u00e3o de obra&#8221;, disparou Marinho.<\/p>\n<p>Entre os itens em pauta est\u00e1 a redu\u00e7\u00e3o da jornada de trabalho para 40 horas semanais e o fim do fator previdenci\u00e1rio. &#8220;O trabalhador que contribui com o teto tem de receber o teto ao se aposentar. \u00c9 como financiar uma BMW e, ap\u00f3s o pagamento, receber um Fusca&#8221;, apontou Nobre.<\/p>\n<p>Para o deputado estadual Carlos Grana, \u00e9 preciso elevar as al\u00edquotas de imposto para produtos importados que chegam ao Brasil com valores menores do que o custo da produ\u00e7\u00e3o. &#8220;\u00c9 necess\u00e1rio, ao mesmo tempo, desonerar IPI, ICMS e ISS para que a ind\u00fastria consiga competir.&#8221;<\/p>\n<p><em>Fonte: Di\u00e1rio do Grande ABC<\/em><\/p>\n\n<div style=\"font-size: 0px; height: 0px; line-height: 0px; margin: 0; padding: 0; clear: both;\"><\/div>","protected":false},"excerpt":{"rendered":"<p>O vento gelado e a temperatura baixa n\u00e3o intimidaram os moradores do Grande ABC que, no come\u00e7o da manh\u00e3 de ter\u00e7a-feira (1\u00ba), j\u00e1 se concentravam no Pa\u00e7o Municipal, em S\u00e3o Bernardo, para comemorar o Dia do Trabalho. A cidade foi a \u00fanica da regi\u00e3o a promover festa em homenagem aos trabalhadores. Por esse motivo o p\u00fablico estimado pela Pol\u00edcia Militar, de 60 mil pessoas, foi bastante superior ao do evento no ano passado, de 10 mil &#8211; tamb\u00e9m prejudicado pela chuva. Segundo o Sindicato dos Metal\u00fargicos do ABC, que encabe\u00e7ou a organiza\u00e7\u00e3o da festa, 100 mil trabalhadores estiveram presentes. Foram <\/p>\n","protected":false},"author":1,"featured_media":0,"comment_status":"open","ping_status":"closed","sticky":false,"template":"","format":"standard","meta":{"footnotes":""},"categories":[6],"tags":[14],"class_list":["post-799","post","type-post","status-publish","format-standard","hentry","category-noticias-em-sao-bernardo","tag-sao-bernardo"],"aioseo_notices":[],"_links":{"self":[{"href":"https:\/\/www.encontrasaobernardo.com.br\/sobre\/wp-json\/wp\/v2\/posts\/799","targetHints":{"allow":["GET"]}}],"collection":[{"href":"https:\/\/www.encontrasaobernardo.com.br\/sobre\/wp-json\/wp\/v2\/posts"}],"about":[{"href":"https:\/\/www.encontrasaobernardo.com.br\/sobre\/wp-json\/wp\/v2\/types\/post"}],"author":[{"embeddable":true,"href":"https:\/\/www.encontrasaobernardo.com.br\/sobre\/wp-json\/wp\/v2\/users\/1"}],"replies":[{"embeddable":true,"href":"https:\/\/www.encontrasaobernardo.com.br\/sobre\/wp-json\/wp\/v2\/comments?post=799"}],"version-history":[{"count":0,"href":"https:\/\/www.encontrasaobernardo.com.br\/sobre\/wp-json\/wp\/v2\/posts\/799\/revisions"}],"wp:attachment":[{"href":"https:\/\/www.encontrasaobernardo.com.br\/sobre\/wp-json\/wp\/v2\/media?parent=799"}],"wp:term":[{"taxonomy":"category","embeddable":true,"href":"https:\/\/www.encontrasaobernardo.com.br\/sobre\/wp-json\/wp\/v2\/categories?post=799"},{"taxonomy":"post_tag","embeddable":true,"href":"https:\/\/www.encontrasaobernardo.com.br\/sobre\/wp-json\/wp\/v2\/tags?post=799"}],"curies":[{"name":"wp","href":"https:\/\/api.w.org\/{rel}","templated":true}]}}