{"id":793,"date":"2012-04-24T17:35:09","date_gmt":"2012-04-24T20:35:09","guid":{"rendered":"http:\/\/www.encontrasaobernardo.com.br\/noticias\/?p=793"},"modified":"2019-04-12T16:42:38","modified_gmt":"2019-04-12T19:42:38","slug":"parque-de-sao-bernardo-ganha-galeria-de-arte-e-circuito-radical-de-bike","status":"publish","type":"post","link":"https:\/\/www.encontrasaobernardo.com.br\/sobre\/parque-de-sao-bernardo-ganha-galeria-de-arte-e-circuito-radical-de-bike\/","title":{"rendered":"Parque de S\u00e3o Bernardo ganha galeria de arte e circuito radical de bike"},"content":{"rendered":"<div class=\"b7a9cc72b38518383f4213f1240ff05a\" data-index=\"1\" style=\"float: none; margin:0px;\">\n<!-- Anuncio display - global -->\r\n<ins class=\"adsbygoogle\"\r\n     style=\"display:block\"\r\n     data-ad-client=\"ca-pub-8585364105181520\"\r\n     data-ad-slot=\"8789329856\"\r\n     data-ad-format=\"auto\"\r\n     data-full-width-responsive=\"true\"><\/ins>\r\n<script>\r\n     (adsbygoogle = window.adsbygoogle || []).push({});\r\n<\/script>\n<\/div>\n<p>O Parque Estoril ganhou, na manh\u00e3 deste s\u00e1bado (21), mais duas atra\u00e7\u00f5es tur\u00edsticas, o circuito radical de bike para a pr\u00e1tica do freeride &#8211; modalidade para transpor obst\u00e1culos e saltos -, e uma galeria de arte permanente ao ar livre com nove obras de artistas renomados no cen\u00e1rio internacional.<\/p>\n<p>A solenidade de inaugura\u00e7\u00e3o contou com a presen\u00e7a do prefeito de S\u00e3o Bernardo do Campo, que o percorreu as obras de arte expostas em diversos locais do parque, a bordo de um trenzinho tur\u00edstico, na companhia do vice-prefeito, do curador da exposi\u00e7\u00e3o, Jacopo Crivelli Visconti, e do diretor de assuntos regulat\u00f3rio e institucional da Comg\u00e1s &#8211; empresa respons\u00e1vel pela doa\u00e7\u00e3o das obras, Carlos Eduardo de Freitas Brescia.<\/p>\n<p>A exposi\u00e7\u00e3o faz parte do projeto\u00a0<em>Obra Viva \u2013 Esculturas no Parque Estoril<\/em>. As esculturas de arte contempor\u00e2nea brasileira foram desenvolvidas especialmente para o local, com o objetivo de transformar o parque em uma galeria de arte ao ar livre, provocando uma reflex\u00e3o a respeito do uso do espa\u00e7o e da intera\u00e7\u00e3o do indiv\u00edduo com o meio ambiente.<\/p>\n<p>&#8220;S\u00e3o Bernardo ganha muito com essas obras, que tornam a paisagem mais agrad\u00e1vel e convidam a popula\u00e7\u00e3o a interagir e descobrir a arte&#8221;, declarou o prefeito.<\/p>\n<p>Para o curador da exposi\u00e7\u00e3o, Jacopo Crivelli Visconti, o mais interessante dessas obras est\u00e1 em convidar as pessoas a interagir, sem necessidade de um conhecimento pr\u00e9vio sobre arte contempor\u00e2nea.<\/p>\n<p>O projeto foi viabilizado com apoio do Minist\u00e9rio da Cultura e tem patroc\u00ednio da Comg\u00e1s.<\/p>\n<p><strong>Circuito de bike \u2013<\/strong>\u00a0O Circuito Radical de Bike, que tamb\u00e9m foi inaugurado pelo prefeito neste s\u00e1bado, \u00e9 composto pelo gate de largada (o palanque de largada) e oito obst\u00e1culos: North Shore, Duplo com Mesa, Wall Ride lado direito, Wall Ride lado esquerdo, Step-up, Rampa de lan\u00e7amento com mesa, North Shore com Drop-off no final e Big Curve. O percurso, projetado e constru\u00eddo por engenheiros e pilotos da modalidade, pode ter dois n\u00edveis diferentes de dificuldade, para ciclistas iniciantes ou mais experientes.<\/p>\n<p>A pista, \u00fanica desse tipo na regi\u00e3o, tem 250 metros de extens\u00e3o e poder\u00e1 ser utilizada pelo p\u00fablico em geral mediante o pagamento de uma taxa no valor de R$ 20, que dar\u00e1 o direito de usar o espa\u00e7o o dia todo. Haver\u00e1, ainda, um operador nessa pista, respons\u00e1vel pela organiza\u00e7\u00e3o dos pilotos. \u00c9 necess\u00e1rio uso de equipamentos de seguran\u00e7a (capacete, luva e joelheira) e assinatura de um termo de responsabilidade para a pr\u00e1tica do esporte na pista.<\/p>\n<p>Existe, ainda, uma pista mirim, para crian\u00e7as a partir de tr\u00eas anos, que tem aproximadamente 20 metros de extens\u00e3o.<\/p>\n<p>Segundo um dos engenheiros, Rui Andr\u00e9 da Costa C\u00e2mara, n\u00e3o existe no Brasil pista com todos esses obst\u00e1culos de freeride juntos. &#8220;O pessoal que usa esse tipo de pista geralmente precisa viajar pelo menos 100 km para conseguir achar uma pista e poder saltar pelo menos duas rampas.&#8221;<\/p>\n<p>O freeride \u00e9 uma modalidade que consiste em transpor obst\u00e1culos e saltos, que surgiu na d\u00e9cada de 80 na Calif\u00f3rnia, nos Estados Unidos, e veio para o Brasil no final dos anos 90.<\/p>\n<p>O Parque Estoril fica na Rua Portugal, n\u00ba 1.100, acesso p\/ km 29,5 da Via Anchieta, no Bairro Estoril. Informa\u00e7\u00f5es pelo telefone 4354-9087.<\/p>\n<p><em>Fonte: Prefeitura de S\u00e3o Bernardo<\/em><\/p>\n\n<div style=\"font-size: 0px; height: 0px; line-height: 0px; margin: 0; padding: 0; clear: both;\"><\/div>","protected":false},"excerpt":{"rendered":"<p>O Parque Estoril ganhou, na manh\u00e3 deste s\u00e1bado (21), mais duas atra\u00e7\u00f5es tur\u00edsticas, o circuito radical de bike para a pr\u00e1tica do freeride &#8211; modalidade para transpor obst\u00e1culos e saltos -, e uma galeria de arte permanente ao ar livre com nove obras de artistas renomados no cen\u00e1rio internacional. A solenidade de inaugura\u00e7\u00e3o contou com a presen\u00e7a do prefeito de S\u00e3o Bernardo do Campo, que o percorreu as obras de arte expostas em diversos locais do parque, a bordo de um trenzinho tur\u00edstico, na companhia do vice-prefeito, do curador da exposi\u00e7\u00e3o, Jacopo Crivelli Visconti, e do diretor de assuntos regulat\u00f3rio <\/p>\n","protected":false},"author":1,"featured_media":0,"comment_status":"open","ping_status":"closed","sticky":false,"template":"","format":"standard","meta":{"footnotes":""},"categories":[6],"tags":[14],"class_list":["post-793","post","type-post","status-publish","format-standard","hentry","category-noticias-em-sao-bernardo","tag-sao-bernardo"],"aioseo_notices":[],"_links":{"self":[{"href":"https:\/\/www.encontrasaobernardo.com.br\/sobre\/wp-json\/wp\/v2\/posts\/793","targetHints":{"allow":["GET"]}}],"collection":[{"href":"https:\/\/www.encontrasaobernardo.com.br\/sobre\/wp-json\/wp\/v2\/posts"}],"about":[{"href":"https:\/\/www.encontrasaobernardo.com.br\/sobre\/wp-json\/wp\/v2\/types\/post"}],"author":[{"embeddable":true,"href":"https:\/\/www.encontrasaobernardo.com.br\/sobre\/wp-json\/wp\/v2\/users\/1"}],"replies":[{"embeddable":true,"href":"https:\/\/www.encontrasaobernardo.com.br\/sobre\/wp-json\/wp\/v2\/comments?post=793"}],"version-history":[{"count":0,"href":"https:\/\/www.encontrasaobernardo.com.br\/sobre\/wp-json\/wp\/v2\/posts\/793\/revisions"}],"wp:attachment":[{"href":"https:\/\/www.encontrasaobernardo.com.br\/sobre\/wp-json\/wp\/v2\/media?parent=793"}],"wp:term":[{"taxonomy":"category","embeddable":true,"href":"https:\/\/www.encontrasaobernardo.com.br\/sobre\/wp-json\/wp\/v2\/categories?post=793"},{"taxonomy":"post_tag","embeddable":true,"href":"https:\/\/www.encontrasaobernardo.com.br\/sobre\/wp-json\/wp\/v2\/tags?post=793"}],"curies":[{"name":"wp","href":"https:\/\/api.w.org\/{rel}","templated":true}]}}