{"id":786,"date":"2012-04-19T20:50:05","date_gmt":"2012-04-19T23:50:05","guid":{"rendered":"http:\/\/www.encontrasaobernardo.com.br\/noticias\/?p=786"},"modified":"2019-04-12T16:42:38","modified_gmt":"2019-04-12T19:42:38","slug":"confira-o-que-abre-e-fecha-em-sao-bernardo-no-feriado-de-tiradentes","status":"publish","type":"post","link":"https:\/\/www.encontrasaobernardo.com.br\/sobre\/confira-o-que-abre-e-fecha-em-sao-bernardo-no-feriado-de-tiradentes\/","title":{"rendered":"Confira o que abre e fecha em S\u00e3o Bernardo no feriado de Tiradentes"},"content":{"rendered":"<div class=\"b7a9cc72b38518383f4213f1240ff05a\" data-index=\"1\" style=\"float: none; margin:0px;\">\n<!-- Anuncio display - global -->\r\n<ins class=\"adsbygoogle\"\r\n     style=\"display:block\"\r\n     data-ad-client=\"ca-pub-8585364105181520\"\r\n     data-ad-slot=\"8789329856\"\r\n     data-ad-format=\"auto\"\r\n     data-full-width-responsive=\"true\"><\/ins>\r\n<script>\r\n     (adsbygoogle = window.adsbygoogle || []).push({});\r\n<\/script>\n<\/div>\n<p>A Prefeitura de S\u00e3o Bernardo do Campo informa que, em fun\u00e7\u00e3o do feriado de Tiradentes, neste s\u00e1bado (21) os atendimentos na Rede F\u00e1cil do Pa\u00e7o Municipal e do Assun\u00e7\u00e3o n\u00e3o funcionar\u00e3o. Na sexta (20), o posto de atendimento ao cidad\u00e3o do Pa\u00e7o encerrar\u00e1 suas atividades \u00e0s 19h, e o do Assun\u00e7\u00e3o, \u00e0s 17h, retornando normalmente na segunda-feira (23).<\/p>\n<p>As Farm\u00e1cias Populares, que funcionam aos s\u00e1bados, tamb\u00e9m estar\u00e3o fechadas neste feriado (21). Prontos-Socorros e UPAs ficar\u00e3o abertos 24h.<\/p>\n<p>Servi\u00e7os como funer\u00e1ria municipal, feiras-livres, coleta de lixo, bota-fora e varri\u00e7\u00e3o, ter\u00e3o atividade normal no s\u00e1bado, assim como o Mercado Municipal do Rudge Ramos, que tamb\u00e9m funcionar\u00e1 normalmente.<\/p>\n<p>Nos cemit\u00e9rios, o funcionamento ser\u00e1 em sistema de plant\u00e3o. Os parques da cidade estar\u00e3o abertos das 6h \u00e0s 22h; as exce\u00e7\u00f5es ser\u00e3o o Parque Municipal Estoril e a Cidade da Crian\u00e7a, que funcionam das 9h \u00e0s 17h; e o Parque Ch\u00e1cara Silvestre, que abre das 6h \u00e0s 18h.<\/p>\n<p>SERVI\u00c7OS DA PREFEITURA DE S\u00c3O BERNARDO NO FERIADO DE 21 DE ABRIL:<\/p>\n<p>Servi\u00e7o Funer\u00e1rio: funcionamento normal<\/p>\n<p>Cemit\u00e9rios: funcionamento em sistema de plant\u00e3o<\/p>\n<p>Coleta de Lixo: funcionamento normal<\/p>\n<p>Bota-Fora: funcionamento normal<\/p>\n<p>Varri\u00e7\u00e3o: funcionamento normal<\/p>\n<p>Feiras Livres: funcionamento normal<\/p>\n<p>Parques Municipais: funcionamento normal, das 6h \u00e0s 22h \u2013 Parque Ch\u00e1cara Silvestre, das 6h \u00e0s 18h; Parque Municipal Estoril e Cidade da Crian\u00e7a, funcionamento normal das 9h \u00e0s 17h<\/p>\n<p>Farm\u00e1cias Populares: fechadas durante o feriado<\/p>\n<p>Mercado Municipal: funcionamento normalmente no s\u00e1bado (21)<\/p>\n<p>Rede F\u00e1cil do Pa\u00e7o Municipal: fechada no feriado e volta a funcionar normalmente na segunda-feira (23), das 7h \u00e0s 19h<\/p>\n<p>Rede F\u00e1cil Assun\u00e7\u00e3o: fechada no feriado e volta a atender na segunda-feira (23), das 8h \u00e0s 17h<\/p>\n<p>Pronto-socorros e UPAs: prontos-socorros (PS Central, PS Rudge Ramos, PS Jardim Silvina e PS Alvarenga) e Unidades de Pronto Atendimento (UPAs) 24h &#8211; Vila S\u00e3o Pedro, Demarchi\/Batistini, Riacho Grande, Baeta Neves, Uni\u00e3o\/Alvarenga e Paulic\u00e9ia\/Tabo\u00e3o: atendimento normal.<\/p>\n<p><em>Fonte: Prefeitura de S\u00e3o Bernardo<\/em><\/p>\n\n<div style=\"font-size: 0px; height: 0px; line-height: 0px; margin: 0; padding: 0; clear: both;\"><\/div>","protected":false},"excerpt":{"rendered":"<p>A Prefeitura de S\u00e3o Bernardo do Campo informa que, em fun\u00e7\u00e3o do feriado de Tiradentes, neste s\u00e1bado (21) os atendimentos na Rede F\u00e1cil do Pa\u00e7o Municipal e do Assun\u00e7\u00e3o n\u00e3o funcionar\u00e3o. Na sexta (20), o posto de atendimento ao cidad\u00e3o do Pa\u00e7o encerrar\u00e1 suas atividades \u00e0s 19h, e o do Assun\u00e7\u00e3o, \u00e0s 17h, retornando normalmente na segunda-feira (23). As Farm\u00e1cias Populares, que funcionam aos s\u00e1bados, tamb\u00e9m estar\u00e3o fechadas neste feriado (21). Prontos-Socorros e UPAs ficar\u00e3o abertos 24h. Servi\u00e7os como funer\u00e1ria municipal, feiras-livres, coleta de lixo, bota-fora e varri\u00e7\u00e3o, ter\u00e3o atividade normal no s\u00e1bado, assim como o Mercado Municipal do Rudge <\/p>\n","protected":false},"author":1,"featured_media":0,"comment_status":"open","ping_status":"closed","sticky":false,"template":"","format":"standard","meta":{"footnotes":""},"categories":[6],"tags":[14],"class_list":["post-786","post","type-post","status-publish","format-standard","hentry","category-noticias-em-sao-bernardo","tag-sao-bernardo"],"aioseo_notices":[],"_links":{"self":[{"href":"https:\/\/www.encontrasaobernardo.com.br\/sobre\/wp-json\/wp\/v2\/posts\/786","targetHints":{"allow":["GET"]}}],"collection":[{"href":"https:\/\/www.encontrasaobernardo.com.br\/sobre\/wp-json\/wp\/v2\/posts"}],"about":[{"href":"https:\/\/www.encontrasaobernardo.com.br\/sobre\/wp-json\/wp\/v2\/types\/post"}],"author":[{"embeddable":true,"href":"https:\/\/www.encontrasaobernardo.com.br\/sobre\/wp-json\/wp\/v2\/users\/1"}],"replies":[{"embeddable":true,"href":"https:\/\/www.encontrasaobernardo.com.br\/sobre\/wp-json\/wp\/v2\/comments?post=786"}],"version-history":[{"count":0,"href":"https:\/\/www.encontrasaobernardo.com.br\/sobre\/wp-json\/wp\/v2\/posts\/786\/revisions"}],"wp:attachment":[{"href":"https:\/\/www.encontrasaobernardo.com.br\/sobre\/wp-json\/wp\/v2\/media?parent=786"}],"wp:term":[{"taxonomy":"category","embeddable":true,"href":"https:\/\/www.encontrasaobernardo.com.br\/sobre\/wp-json\/wp\/v2\/categories?post=786"},{"taxonomy":"post_tag","embeddable":true,"href":"https:\/\/www.encontrasaobernardo.com.br\/sobre\/wp-json\/wp\/v2\/tags?post=786"}],"curies":[{"name":"wp","href":"https:\/\/api.w.org\/{rel}","templated":true}]}}