{"id":769,"date":"2012-04-05T17:51:33","date_gmt":"2012-04-05T20:51:33","guid":{"rendered":"http:\/\/www.encontrasaobernardo.com.br\/noticias\/?p=769"},"modified":"2019-04-12T16:42:56","modified_gmt":"2019-04-12T19:42:56","slug":"sao-bernardo-troca-terreno-para-construcao-de-avenida","status":"publish","type":"post","link":"https:\/\/www.encontrasaobernardo.com.br\/sobre\/sao-bernardo-troca-terreno-para-construcao-de-avenida\/","title":{"rendered":"S\u00e3o Bernardo troca terreno para constru\u00e7\u00e3o de avenida"},"content":{"rendered":"<div class=\"b7a9cc72b38518383f4213f1240ff05a\" data-index=\"1\" style=\"float: none; margin:0px;\">\n<!-- Anuncio display - global -->\r\n<ins class=\"adsbygoogle\"\r\n     style=\"display:block\"\r\n     data-ad-client=\"ca-pub-8585364105181520\"\r\n     data-ad-slot=\"8789329856\"\r\n     data-ad-format=\"auto\"\r\n     data-full-width-responsive=\"true\"><\/ins>\r\n<script>\r\n     (adsbygoogle = window.adsbygoogle || []).push({});\r\n<\/script>\n<\/div>\n<p>A autoriza\u00e7\u00e3o para a desapropria\u00e7\u00e3o de\u00a0terreno\u00a0pr\u00f3ximo \u00e0 Avenida Humberto Alencar Castelo Branco \u00e9 o primeiro passo da Prefeitura de S\u00e3o Bernardo para tentar melhorar o tr\u00e2nsito na regi\u00e3o do bairro Assun\u00e7\u00e3o. Na \u00e1rea de 574,5 metros quadrados que pertencia \u00e0\u00a0empresa\u00a0J Franchini, ser\u00e1 constru\u00edda a primeira etapa da futura avenida Linha Camargo, ligando as avenidas dos Flamingos e Jos\u00e9 Odorizzi at\u00e9 a Avenida Osvaldo Fregonesi. No trecho, de 800 metros, tamb\u00e9m ser\u00e1 feita a canaliza\u00e7\u00e3o do C\u00f3rrego Camargo.<\/p>\n<p>Nesta semana, a <a href=\"http:\/\/www.encontrasaobernardo.com.br\/sao-bernardo\/camara-municipal-sao-bernardo.shtml\" target=\"_blank\">C\u00e2mara Municipal de S\u00e3o Bernardo<\/a> aprovou Projeto de Lei do Executivo que autoriza a doa\u00e7\u00e3o de terreno municipal de 453,1 metros quadrados em troca da \u00e1rea da empresa. O terreno da Prefeitura \u00e9 pr\u00f3ximo \u00e0 futura avenida. Com a permuta, n\u00e3o ser\u00e1 necess\u00e1rio pagamento em dinheiro.<\/p>\n<p>A licita\u00e7\u00e3o para a constru\u00e7\u00e3o da via est\u00e1 em fase de conclus\u00e3o e tem quatro\u00a0empresas\u00a0 participantes. A previs\u00e3o da Prefeitura \u00e9 que os trabalhos sejam iniciados ainda em junho. O secret\u00e1rio municipal de Transportes e Vias P\u00fablicas, Oscar Silveira Campos, explica que para a utiliza\u00e7\u00e3o das verbas do PAC (Programa de Acelera\u00e7\u00e3o do Crescimento), a\u00a0obra\u00a0precisa come\u00e7ar antes de julho. O programa do governo federal ir\u00e1 repassar R$ 26 milh\u00f5es para a canaliza\u00e7\u00e3o do c\u00f3rrego. O valor total do investimento \u00e9 de R$ 60 milh\u00f5es.<\/p>\n<p>A segunda etapa do projeto deve come\u00e7ar cerca de quatro meses ap\u00f3s a primeira. Nesta fase, ser\u00e1 duplicada a Avenida Osvaldo Fregonesi, al\u00e9m da liga\u00e7\u00e3o da via com a Castelo Branco. Com isso, a Linha Camargo ter\u00e1, ao todo, cerca de 1,5 km. A avenida desembocar\u00e1 em frente ao campus da FEI (Funda\u00e7\u00e3o Educacional Inaciana). 12 im\u00f3veis ter\u00e3o de ser desapropriados. A via ser\u00e1 praticamente paralela \u00e0 Castelo Branco.<\/p>\n<p>O edital da obra tamb\u00e9m prev\u00ea a duplica\u00e7\u00e3o de trecho de quase 500 metros da Castelo Branco, entre a FEI e a Pra\u00e7a Giovanni Breda. A previs\u00e3o \u00e9 que as duas fases sejam conclu\u00eddas at\u00e9 junho de 2014.<\/p>\n<p>Na opini\u00e3o do secret\u00e1rio, a nova avenida reduzir\u00e1 os congestionamentos no Assun\u00e7\u00e3o e facilitar\u00e1 o deslocamento para o bairro Alvarenga. &#8220;Quando a Linha Camargo estiver pronta, a ideia \u00e9 que concentre o fluxo de autom\u00f3veis e ve\u00edculos pequenos, enquanto na Castelo Branco ser\u00e1 priorizado o transporte coletivo, por meio de corredor exclusivo de \u00f4nibus&#8221;, explica Campos.<\/p>\n<p>Al\u00e9m desse corredor, a Prefeitura planeja construir mais nove passagens exclusivas para \u00f4nibus, bem como terminais nos bairros Alvarenga, Baeta Neves e Rudge Ramos. O plano \u00e9 que o terminal Alvarenga tenha liga\u00e7\u00e3o com a futura linha 18-Bronze do Metr\u00f4.<\/p>\n<p><em>Fonte: Di\u00e1rio do Grande ABC<\/em><\/p>\n\n<div style=\"font-size: 0px; height: 0px; line-height: 0px; margin: 0; padding: 0; clear: both;\"><\/div>","protected":false},"excerpt":{"rendered":"<p>A autoriza\u00e7\u00e3o para a desapropria\u00e7\u00e3o de\u00a0terreno\u00a0pr\u00f3ximo \u00e0 Avenida Humberto Alencar Castelo Branco \u00e9 o primeiro passo da Prefeitura de S\u00e3o Bernardo para tentar melhorar o tr\u00e2nsito na regi\u00e3o do bairro Assun\u00e7\u00e3o. Na \u00e1rea de 574,5 metros quadrados que pertencia \u00e0\u00a0empresa\u00a0J Franchini, ser\u00e1 constru\u00edda a primeira etapa da futura avenida Linha Camargo, ligando as avenidas dos Flamingos e Jos\u00e9 Odorizzi at\u00e9 a Avenida Osvaldo Fregonesi. No trecho, de 800 metros, tamb\u00e9m ser\u00e1 feita a canaliza\u00e7\u00e3o do C\u00f3rrego Camargo. Nesta semana, a C\u00e2mara Municipal de S\u00e3o Bernardo aprovou Projeto de Lei do Executivo que autoriza a doa\u00e7\u00e3o de terreno municipal de 453,1 <\/p>\n","protected":false},"author":1,"featured_media":0,"comment_status":"open","ping_status":"closed","sticky":false,"template":"","format":"standard","meta":{"footnotes":""},"categories":[6],"tags":[14],"class_list":["post-769","post","type-post","status-publish","format-standard","hentry","category-noticias-em-sao-bernardo","tag-sao-bernardo"],"aioseo_notices":[],"_links":{"self":[{"href":"https:\/\/www.encontrasaobernardo.com.br\/sobre\/wp-json\/wp\/v2\/posts\/769","targetHints":{"allow":["GET"]}}],"collection":[{"href":"https:\/\/www.encontrasaobernardo.com.br\/sobre\/wp-json\/wp\/v2\/posts"}],"about":[{"href":"https:\/\/www.encontrasaobernardo.com.br\/sobre\/wp-json\/wp\/v2\/types\/post"}],"author":[{"embeddable":true,"href":"https:\/\/www.encontrasaobernardo.com.br\/sobre\/wp-json\/wp\/v2\/users\/1"}],"replies":[{"embeddable":true,"href":"https:\/\/www.encontrasaobernardo.com.br\/sobre\/wp-json\/wp\/v2\/comments?post=769"}],"version-history":[{"count":0,"href":"https:\/\/www.encontrasaobernardo.com.br\/sobre\/wp-json\/wp\/v2\/posts\/769\/revisions"}],"wp:attachment":[{"href":"https:\/\/www.encontrasaobernardo.com.br\/sobre\/wp-json\/wp\/v2\/media?parent=769"}],"wp:term":[{"taxonomy":"category","embeddable":true,"href":"https:\/\/www.encontrasaobernardo.com.br\/sobre\/wp-json\/wp\/v2\/categories?post=769"},{"taxonomy":"post_tag","embeddable":true,"href":"https:\/\/www.encontrasaobernardo.com.br\/sobre\/wp-json\/wp\/v2\/tags?post=769"}],"curies":[{"name":"wp","href":"https:\/\/api.w.org\/{rel}","templated":true}]}}