{"id":760,"date":"2012-03-29T18:21:31","date_gmt":"2012-03-29T21:21:31","guid":{"rendered":"http:\/\/www.encontrasaobernardo.com.br\/noticias\/?p=760"},"modified":"2019-04-12T16:42:57","modified_gmt":"2019-04-12T19:42:57","slug":"sao-bernardo-recebera-grand-prix-feminino-de-volei","status":"publish","type":"post","link":"https:\/\/www.encontrasaobernardo.com.br\/sobre\/sao-bernardo-recebera-grand-prix-feminino-de-volei\/","title":{"rendered":"S\u00e3o Bernardo receber\u00e1 Grand Prix Feminino de V\u00f4lei"},"content":{"rendered":"<div class=\"b7a9cc72b38518383f4213f1240ff05a\" data-index=\"1\" style=\"float: none; margin:0px;\">\n<!-- Anuncio display - global -->\r\n<ins class=\"adsbygoogle\"\r\n     style=\"display:block\"\r\n     data-ad-client=\"ca-pub-8585364105181520\"\r\n     data-ad-slot=\"8789329856\"\r\n     data-ad-format=\"auto\"\r\n     data-full-width-responsive=\"true\"><\/ins>\r\n<script>\r\n     (adsbygoogle = window.adsbygoogle || []).push({});\r\n<\/script>\n<\/div>\n<p>S\u00e3o Bernardo receber\u00e1 entre os dias 10 e 17 de junho o Grand Prix internacional Feminino de V\u00f4lei. Estar\u00e3o na disputa as\u00a0sele\u00e7\u00f5es\u00a0do Brasil, It\u00e1lia, Alemanha e Estados Unidos. Os jogos ser\u00e3o realizados no Gin\u00e1sio Poliesportivo.<\/p>\n<p>O evento ocorrer\u00e1 na sequ\u00eancia da fase classificat\u00f3ria dos jogos do Brasil na\u00a0Liga Mundial Masculina, que ser\u00e3o realizados entre 8 e 10 junho, tamb\u00e9m em S\u00e3o Bernardo. Nesta rodada, os rivais ser\u00e3o Canad\u00e1, Pol\u00f4nia e Finl\u00e2ndia. Escolhido pela CBV (Confedera\u00e7\u00e3o Brasileira de V\u00f4lei), o local sediar\u00e1 a Liga Mundial pela primeira vez na\u00a0hist\u00f3ria.<\/p>\n<p><em>Fonte: Di\u00e1rio do Grande ABC<\/em><\/p>\n\n<div style=\"font-size: 0px; height: 0px; line-height: 0px; margin: 0; padding: 0; clear: both;\"><\/div>","protected":false},"excerpt":{"rendered":"<p>S\u00e3o Bernardo receber\u00e1 entre os dias 10 e 17 de junho o Grand Prix internacional Feminino de V\u00f4lei. Estar\u00e3o na disputa as\u00a0sele\u00e7\u00f5es\u00a0do Brasil, It\u00e1lia, Alemanha e Estados Unidos. Os jogos ser\u00e3o realizados no Gin\u00e1sio Poliesportivo. O evento ocorrer\u00e1 na sequ\u00eancia da fase classificat\u00f3ria dos jogos do Brasil na\u00a0Liga Mundial Masculina, que ser\u00e3o realizados entre 8 e 10 junho, tamb\u00e9m em S\u00e3o Bernardo. Nesta rodada, os rivais ser\u00e3o Canad\u00e1, Pol\u00f4nia e Finl\u00e2ndia. Escolhido pela CBV (Confedera\u00e7\u00e3o Brasileira de V\u00f4lei), o local sediar\u00e1 a Liga Mundial pela primeira vez na\u00a0hist\u00f3ria. Fonte: Di\u00e1rio do Grande ABC<\/p>\n","protected":false},"author":1,"featured_media":0,"comment_status":"open","ping_status":"closed","sticky":false,"template":"","format":"standard","meta":{"footnotes":""},"categories":[6],"tags":[14],"class_list":["post-760","post","type-post","status-publish","format-standard","hentry","category-noticias-em-sao-bernardo","tag-sao-bernardo"],"aioseo_notices":[],"_links":{"self":[{"href":"https:\/\/www.encontrasaobernardo.com.br\/sobre\/wp-json\/wp\/v2\/posts\/760","targetHints":{"allow":["GET"]}}],"collection":[{"href":"https:\/\/www.encontrasaobernardo.com.br\/sobre\/wp-json\/wp\/v2\/posts"}],"about":[{"href":"https:\/\/www.encontrasaobernardo.com.br\/sobre\/wp-json\/wp\/v2\/types\/post"}],"author":[{"embeddable":true,"href":"https:\/\/www.encontrasaobernardo.com.br\/sobre\/wp-json\/wp\/v2\/users\/1"}],"replies":[{"embeddable":true,"href":"https:\/\/www.encontrasaobernardo.com.br\/sobre\/wp-json\/wp\/v2\/comments?post=760"}],"version-history":[{"count":0,"href":"https:\/\/www.encontrasaobernardo.com.br\/sobre\/wp-json\/wp\/v2\/posts\/760\/revisions"}],"wp:attachment":[{"href":"https:\/\/www.encontrasaobernardo.com.br\/sobre\/wp-json\/wp\/v2\/media?parent=760"}],"wp:term":[{"taxonomy":"category","embeddable":true,"href":"https:\/\/www.encontrasaobernardo.com.br\/sobre\/wp-json\/wp\/v2\/categories?post=760"},{"taxonomy":"post_tag","embeddable":true,"href":"https:\/\/www.encontrasaobernardo.com.br\/sobre\/wp-json\/wp\/v2\/tags?post=760"}],"curies":[{"name":"wp","href":"https:\/\/api.w.org\/{rel}","templated":true}]}}