{"id":742,"date":"2012-03-15T16:23:22","date_gmt":"2012-03-15T19:23:22","guid":{"rendered":"http:\/\/www.encontrasaobernardo.com.br\/noticias\/?p=742"},"modified":"2019-04-12T16:42:57","modified_gmt":"2019-04-12T19:42:57","slug":"marasmo-persiste-na-camara-de-sao-bernardo","status":"publish","type":"post","link":"https:\/\/www.encontrasaobernardo.com.br\/sobre\/marasmo-persiste-na-camara-de-sao-bernardo\/","title":{"rendered":"Marasmo persiste na C\u00e2mara de S\u00e3o Bernardo"},"content":{"rendered":"<div class=\"b7a9cc72b38518383f4213f1240ff05a\" data-index=\"1\" style=\"float: none; margin:0px;\">\n<!-- Anuncio display - global -->\r\n<ins class=\"adsbygoogle\"\r\n     style=\"display:block\"\r\n     data-ad-client=\"ca-pub-8585364105181520\"\r\n     data-ad-slot=\"8789329856\"\r\n     data-ad-format=\"auto\"\r\n     data-full-width-responsive=\"true\"><\/ins>\r\n<script>\r\n     (adsbygoogle = window.adsbygoogle || []).push({});\r\n<\/script>\n<\/div>\n<p>A <a href=\"http:\/\/www.encontrasaobernardo.com.br\/sao-bernardo\/camara-municipal-sao-bernardo.shtml\" target=\"_blank\">C\u00e2mara de S\u00e3o Bernardo<\/a> continua com a produtividade em baixa. Ontem, mais uma vez, os vereadores terminaram a sess\u00e3o sem aprovar projetos relevantes.<\/p>\n<p>A homenagem que o Executivo pretende fazer ao ex-vice-presidente da Rep\u00fablica Jos\u00e9 Alencar (1931-2011), batizando com seu nome o Hospital Municipal de Cl\u00ednicas, foi novamente adiada por uma sess\u00e3o.<\/p>\n<p>Em tramita\u00e7\u00e3o no Legislativo h\u00e1 um m\u00eas, a mat\u00e9ria vem sendo protelada em fun\u00e7\u00e3o da queda de bra\u00e7o entre a bancada de sustenta\u00e7\u00e3o e o vereador Admir Ferro (PSDB), presidente da Comiss\u00e3o de Constitui\u00e7\u00e3o, Justi\u00e7a e Reda\u00e7\u00e3o, que argumenta que n\u00e3o se pode denominar um equipamento p\u00fablico que n\u00e3o est\u00e1 pronto.<\/p>\n<p>Como a Prefeitura encaminhou documentos referentes ao andamento da obra, o tucano pediu mais uma vez que a vota\u00e7\u00e3o do projeto fosse postergada. &#8220;Agora esses documentos ser\u00e3o avaliados pelo departamento jur\u00eddico da C\u00e2mara&#8221;, alegou Ferro. Descontente com o adiamento, o l\u00edder do governo, Ant\u00f4nio Carlos da Silva, o Toninho da Lanchonete (PT), criticou a manobra do tucano. &#8220;Esse projeto j\u00e1 deveria ter sido votado.&#8221;<\/p>\n<p>A nomea\u00e7\u00e3o de outros dois equipamentos p\u00fablicos segue travada: o CEU (Centro educacional Unificado) Tr\u00eas Marias, que receber\u00e1 o nome do prefeito de Santo Andr\u00e9, Celso Daniel (PT &#8211; morto em 2002), e o CEU que est\u00e1 sendo constru\u00eddo na sede do antigo clube da Volkswagen, que ser\u00e1 batizado com o nome de Regina Rocco Casa, m\u00e3e da ex-primeira-dama Marisa Let\u00edcia.<\/p>\n<p><em>Fonte: Di\u00e1rio do Grande ABC<\/em><\/p>\n\n<div style=\"font-size: 0px; height: 0px; line-height: 0px; margin: 0; padding: 0; clear: both;\"><\/div>","protected":false},"excerpt":{"rendered":"<p>A C\u00e2mara de S\u00e3o Bernardo continua com a produtividade em baixa. Ontem, mais uma vez, os vereadores terminaram a sess\u00e3o sem aprovar projetos relevantes. A homenagem que o Executivo pretende fazer ao ex-vice-presidente da Rep\u00fablica Jos\u00e9 Alencar (1931-2011), batizando com seu nome o Hospital Municipal de Cl\u00ednicas, foi novamente adiada por uma sess\u00e3o. Em tramita\u00e7\u00e3o no Legislativo h\u00e1 um m\u00eas, a mat\u00e9ria vem sendo protelada em fun\u00e7\u00e3o da queda de bra\u00e7o entre a bancada de sustenta\u00e7\u00e3o e o vereador Admir Ferro (PSDB), presidente da Comiss\u00e3o de Constitui\u00e7\u00e3o, Justi\u00e7a e Reda\u00e7\u00e3o, que argumenta que n\u00e3o se pode denominar um equipamento p\u00fablico <\/p>\n","protected":false},"author":1,"featured_media":0,"comment_status":"open","ping_status":"closed","sticky":false,"template":"","format":"standard","meta":{"footnotes":""},"categories":[6],"tags":[14],"class_list":["post-742","post","type-post","status-publish","format-standard","hentry","category-noticias-em-sao-bernardo","tag-sao-bernardo"],"aioseo_notices":[],"_links":{"self":[{"href":"https:\/\/www.encontrasaobernardo.com.br\/sobre\/wp-json\/wp\/v2\/posts\/742","targetHints":{"allow":["GET"]}}],"collection":[{"href":"https:\/\/www.encontrasaobernardo.com.br\/sobre\/wp-json\/wp\/v2\/posts"}],"about":[{"href":"https:\/\/www.encontrasaobernardo.com.br\/sobre\/wp-json\/wp\/v2\/types\/post"}],"author":[{"embeddable":true,"href":"https:\/\/www.encontrasaobernardo.com.br\/sobre\/wp-json\/wp\/v2\/users\/1"}],"replies":[{"embeddable":true,"href":"https:\/\/www.encontrasaobernardo.com.br\/sobre\/wp-json\/wp\/v2\/comments?post=742"}],"version-history":[{"count":0,"href":"https:\/\/www.encontrasaobernardo.com.br\/sobre\/wp-json\/wp\/v2\/posts\/742\/revisions"}],"wp:attachment":[{"href":"https:\/\/www.encontrasaobernardo.com.br\/sobre\/wp-json\/wp\/v2\/media?parent=742"}],"wp:term":[{"taxonomy":"category","embeddable":true,"href":"https:\/\/www.encontrasaobernardo.com.br\/sobre\/wp-json\/wp\/v2\/categories?post=742"},{"taxonomy":"post_tag","embeddable":true,"href":"https:\/\/www.encontrasaobernardo.com.br\/sobre\/wp-json\/wp\/v2\/tags?post=742"}],"curies":[{"name":"wp","href":"https:\/\/api.w.org\/{rel}","templated":true}]}}