{"id":735,"date":"2012-03-08T20:31:30","date_gmt":"2012-03-08T23:31:30","guid":{"rendered":"http:\/\/www.encontrasaobernardo.com.br\/noticias\/?p=735"},"modified":"2019-04-12T16:42:57","modified_gmt":"2019-04-12T19:42:57","slug":"estudantes-da-anhanguera-protestam-em-sao-bernardo","status":"publish","type":"post","link":"https:\/\/www.encontrasaobernardo.com.br\/sobre\/estudantes-da-anhanguera-protestam-em-sao-bernardo\/","title":{"rendered":"Estudantes da Anhanguera protestam em S\u00e3o Bernardo"},"content":{"rendered":"<div class=\"b7a9cc72b38518383f4213f1240ff05a\" data-index=\"1\" style=\"float: none; margin:0px;\">\n<!-- Anuncio display - global -->\r\n<ins class=\"adsbygoogle\"\r\n     style=\"display:block\"\r\n     data-ad-client=\"ca-pub-8585364105181520\"\r\n     data-ad-slot=\"8789329856\"\r\n     data-ad-format=\"auto\"\r\n     data-full-width-responsive=\"true\"><\/ins>\r\n<script>\r\n     (adsbygoogle = window.adsbygoogle || []).push({});\r\n<\/script>\n<\/div>\n<p>Os estudantes da Faculdade Anchieta de S\u00e3o Bernardo, adquirida recentemente pela Anhanguera\u00a0Educacional, fizeram\u00a0 protesto no in\u00edcio da noite de ontem, em frente ao campus, Avenida Senador Vergueiro,\u00a0 contra a administra\u00e7\u00e3o da institui\u00e7\u00e3o de ensino. Em torno de 500 alunos participaram da\u00a0manifesta\u00e7\u00e3o, com direito a nariz de palha\u00e7o e carro de som.<\/p>\n<p>Entre as reclama\u00e7\u00f5es est\u00e1 a demiss\u00e3o de professores com mestrado e doutorado, superlota\u00e7\u00e3o de salas de aula em alguns dos\u00a0cursos\u00a0oferecidos, como Pedagogia e Log\u00edstica, diminui\u00e7\u00e3o da carga hor\u00e1ria com a substitui\u00e7\u00e3o de aulas presenciais por \u00e0 dist\u00e2ncia, aumento abusivo de mensalidade e mudan\u00e7as na grade curricular sem pr\u00e9vio aviso.<\/p>\n<p>&#8220;A ideia do protesto come\u00e7ou quando tomamos conhecimento de que alunos j\u00e1 formados em Contabilidade e Pedagogia n\u00e3o conseguiram emprego ap\u00f3s passarem em processos seletivos porque a carga hor\u00e1ria dos cursos n\u00e3o condizia com o m\u00ednimo pedido pelo MEC (<em>Minist\u00e9rio da\u00a0Educa\u00e7\u00e3o<\/em>)&#8221;, explica Cristiane Di Pacce, 28 anos, estudante do 5\u00ba semestre de Pedagogia.<\/p>\n<p>Com gritos de &#8220;Educa\u00e7\u00e3o n\u00e3o \u00e9 mercadoria&#8221; e &#8220;A Anhanguera \u00e9 a pior faculdade do Brasil&#8221;, os estudantes concentraram-se na porta da faculdade, mas n\u00e3o impediram a passagem de quem queria assistir as aulas. No entanto, poucos entraram no pr\u00e9dio. A manifesta\u00e7\u00e3o ainda contou com o apoio do Sinpro (Sindicato dos Professores do ABC). &#8220;Os professores n\u00e3o participaram, por medo de repres\u00e1lias, mas se solidarizam totalmente com a situa\u00e7\u00e3o dos alunos&#8221;, afirma o presidente da entidade, Jos\u00e9 Jorge Maggio.<\/p>\n<h4>Tr\u00e2nsito<\/h4>\n<p>Para chamar mais aten\u00e7\u00e3o \u00e0s reivindica\u00e7\u00f5es, o grupo interrompeu o tr\u00e1fego nas duas pistas da Avenida Senador Vergueiro por cerca de cinco minutos. A medida n\u00e3o afetou o andamento do tr\u00e2nsito. A dire\u00e7\u00e3o da Anhanguera n\u00e3o recebeu a reportagem para comentar sobre o protesto.<\/p>\n<p><em>Fonte: Di\u00e1rio do Grande ABC<\/em><\/p>\n\n<div style=\"font-size: 0px; height: 0px; line-height: 0px; margin: 0; padding: 0; clear: both;\"><\/div>","protected":false},"excerpt":{"rendered":"<p>Os estudantes da Faculdade Anchieta de S\u00e3o Bernardo, adquirida recentemente pela Anhanguera\u00a0Educacional, fizeram\u00a0 protesto no in\u00edcio da noite de ontem, em frente ao campus, Avenida Senador Vergueiro,\u00a0 contra a administra\u00e7\u00e3o da institui\u00e7\u00e3o de ensino. Em torno de 500 alunos participaram da\u00a0manifesta\u00e7\u00e3o, com direito a nariz de palha\u00e7o e carro de som. Entre as reclama\u00e7\u00f5es est\u00e1 a demiss\u00e3o de professores com mestrado e doutorado, superlota\u00e7\u00e3o de salas de aula em alguns dos\u00a0cursos\u00a0oferecidos, como Pedagogia e Log\u00edstica, diminui\u00e7\u00e3o da carga hor\u00e1ria com a substitui\u00e7\u00e3o de aulas presenciais por \u00e0 dist\u00e2ncia, aumento abusivo de mensalidade e mudan\u00e7as na grade curricular sem pr\u00e9vio aviso. <\/p>\n","protected":false},"author":1,"featured_media":0,"comment_status":"open","ping_status":"closed","sticky":false,"template":"","format":"standard","meta":{"footnotes":""},"categories":[6],"tags":[14],"class_list":["post-735","post","type-post","status-publish","format-standard","hentry","category-noticias-em-sao-bernardo","tag-sao-bernardo"],"aioseo_notices":[],"_links":{"self":[{"href":"https:\/\/www.encontrasaobernardo.com.br\/sobre\/wp-json\/wp\/v2\/posts\/735","targetHints":{"allow":["GET"]}}],"collection":[{"href":"https:\/\/www.encontrasaobernardo.com.br\/sobre\/wp-json\/wp\/v2\/posts"}],"about":[{"href":"https:\/\/www.encontrasaobernardo.com.br\/sobre\/wp-json\/wp\/v2\/types\/post"}],"author":[{"embeddable":true,"href":"https:\/\/www.encontrasaobernardo.com.br\/sobre\/wp-json\/wp\/v2\/users\/1"}],"replies":[{"embeddable":true,"href":"https:\/\/www.encontrasaobernardo.com.br\/sobre\/wp-json\/wp\/v2\/comments?post=735"}],"version-history":[{"count":0,"href":"https:\/\/www.encontrasaobernardo.com.br\/sobre\/wp-json\/wp\/v2\/posts\/735\/revisions"}],"wp:attachment":[{"href":"https:\/\/www.encontrasaobernardo.com.br\/sobre\/wp-json\/wp\/v2\/media?parent=735"}],"wp:term":[{"taxonomy":"category","embeddable":true,"href":"https:\/\/www.encontrasaobernardo.com.br\/sobre\/wp-json\/wp\/v2\/categories?post=735"},{"taxonomy":"post_tag","embeddable":true,"href":"https:\/\/www.encontrasaobernardo.com.br\/sobre\/wp-json\/wp\/v2\/tags?post=735"}],"curies":[{"name":"wp","href":"https:\/\/api.w.org\/{rel}","templated":true}]}}