{"id":729,"date":"2012-03-06T20:19:37","date_gmt":"2012-03-06T23:19:37","guid":{"rendered":"http:\/\/www.encontrasaobernardo.com.br\/noticias\/?p=729"},"modified":"2019-04-12T16:42:57","modified_gmt":"2019-04-12T19:42:57","slug":"senac-sao-paulo-tera-unidade-na-cidade-de-sao-bernardo","status":"publish","type":"post","link":"https:\/\/www.encontrasaobernardo.com.br\/sobre\/senac-sao-paulo-tera-unidade-na-cidade-de-sao-bernardo\/","title":{"rendered":"Senac S\u00e3o Paulo ter\u00e1 unidade na cidade de S\u00e3o Bernardo"},"content":{"rendered":"<div class=\"b7a9cc72b38518383f4213f1240ff05a\" data-index=\"1\" style=\"float: none; margin:0px;\">\n<!-- Anuncio display - global -->\r\n<ins class=\"adsbygoogle\"\r\n     style=\"display:block\"\r\n     data-ad-client=\"ca-pub-8585364105181520\"\r\n     data-ad-slot=\"8789329856\"\r\n     data-ad-format=\"auto\"\r\n     data-full-width-responsive=\"true\"><\/ins>\r\n<script>\r\n     (adsbygoogle = window.adsbygoogle || []).push({});\r\n<\/script>\n<\/div>\n<p>O Senac S\u00e3o Paulo est\u00e1 com processo de licita\u00e7\u00e3o em andamento para a\u00a0constru\u00e7\u00e3o\u00a0de sua primeira unidade em S\u00e3o Bernardo do Campo, com previs\u00e3o de in\u00edcio das obras ainda este ano.<\/p>\n<p>O\u00a0terreno, que abrigar\u00e1 a escola na cidade, foi cedido em regime de comodato pela prefeitura e tem uma \u00e1rea de 3.500 m\u00b2. Localizado na Avenida Senador Vergueiro, regi\u00e3o central, o espa\u00e7o oferecer\u00e1 \u00e0 comunidade uma moderna infraestrutura para educa\u00e7\u00e3o profissional, com ampla programa\u00e7\u00e3o de cursos t\u00e9cnicos, livres e de extens\u00e3o universit\u00e1ria. A expectativa \u00e9 atender mais de 20 mil pessoas por ano, a partir da entrega do espa\u00e7o, prevista para 2015.<\/p>\n<p>Palestras, workshops, semin\u00e1rios e exposi\u00e7\u00f5es tamb\u00e9m far\u00e3o parte das atividades da unidade, que contar\u00e1 com 40 ambientes educacionais: audit\u00f3rio para eventos, biblioteca aberta \u00e0 popula\u00e7\u00e3o, cerca de seis laborat\u00f3rios-ambientes &#8211; salas especiais que atendam \u00e0s v\u00e1rias \u00e1reas do conhecimento, como design de interiores,\u00a0inform\u00e1tica, hardware, farm\u00e1cia e meio ambiente -, e mais de 20 salas de aula.<\/p>\n<p>&#8220;Vamos privilegiar em nosso portf\u00f3lio as \u00e1reas que apresentam maior potencial de contribui\u00e7\u00e3o para a comunidade e a economia local, tais como administra\u00e7\u00e3o geral, gest\u00e3o de pessoas, marketing e vendas, inform\u00e1tica, aplicativos, computa\u00e7\u00e3o gr\u00e1fica, sa\u00fade, desenvolvimento local e meio ambiente, nutri\u00e7\u00e3o, redes e infraestrutura, visagismo e beleza, entre outras com demanda identificada no mercado&#8221;, afirma Ana Maria de Ascen\u00e7\u00e3o,\u00a0gerente\u00a0de opera\u00e7\u00f5es do Senac S\u00e3o Paulo.<\/p>\n<p>Programas de educa\u00e7\u00e3o voltados para a inclus\u00e3o social, como\u00a0<em>Aprendizagem,\u00a0<\/em>que prepara jovens de economicamente desfavorecidos, para inser\u00e7\u00e3o no mercado de trabalho, tamb\u00e9m ser\u00e3o oferecidos para a comunidade, por meio da\u00a0<em>Pol\u00edtica Senac de Concess\u00e3o de Bolsas de Estudo<\/em>.<\/p>\n<p>&#8220;Nossa proposta \u00e9 contribuir para o desenvolvimento social e econ\u00f4mico de S\u00e3o Bernardo do Campo, trazendo para a regi\u00e3o toda a expertise do Senac em educa\u00e7\u00e3o profissional&#8221;, finaliza a gerente.<\/p>\n<p><strong>Sobre o Senac S\u00e3o Paulo<\/strong><\/p>\n<p>Institui\u00e7\u00e3o educacional comprometida com a inclus\u00e3o social, o Senac S\u00e3o Paulo organiza uma programa\u00e7\u00e3o de cursos livres, t\u00e9cnicos, de gradua\u00e7\u00e3o e p\u00f3s-gradua\u00e7\u00e3o em diversas \u00e1reas do conhecimento. S\u00e3o 54 unidades educacionais em todo o Estado de S\u00e3o Paulo, al\u00e9m de tr\u00eas campi do Centro Universit\u00e1rio Senac, dois hot\u00e9is-escola Grande Hotel S\u00e3o Pedro e Grande Hotel Campos do Jord\u00e3o e mais a Editora Senac S\u00e3o Paulo. A diversidade dessa atua\u00e7\u00e3o possibilita a oferta de atendimento corporativo e de cursos a dist\u00e2ncia.<\/p>\n<p>Sob a gest\u00e3o da Federa\u00e7\u00e3o do Com\u00e9rcio de Bens, Servi\u00e7os e Turismo do Estado de S\u00e3o Paulo (Fecomercio), o Senac S\u00e3o Paulo re\u00fane a for\u00e7a de 1,8 milh\u00e3o de empresas e promove a difus\u00e3o de conhecimento e empreendedorismo h\u00e1 65 anos.<\/p>\n<p><em>Fonte: Di\u00e1rio do Grande ABC<\/em><\/p>\n\n<div style=\"font-size: 0px; height: 0px; line-height: 0px; margin: 0; padding: 0; clear: both;\"><\/div>","protected":false},"excerpt":{"rendered":"<p>O Senac S\u00e3o Paulo est\u00e1 com processo de licita\u00e7\u00e3o em andamento para a\u00a0constru\u00e7\u00e3o\u00a0de sua primeira unidade em S\u00e3o Bernardo do Campo, com previs\u00e3o de in\u00edcio das obras ainda este ano. O\u00a0terreno, que abrigar\u00e1 a escola na cidade, foi cedido em regime de comodato pela prefeitura e tem uma \u00e1rea de 3.500 m\u00b2. Localizado na Avenida Senador Vergueiro, regi\u00e3o central, o espa\u00e7o oferecer\u00e1 \u00e0 comunidade uma moderna infraestrutura para educa\u00e7\u00e3o profissional, com ampla programa\u00e7\u00e3o de cursos t\u00e9cnicos, livres e de extens\u00e3o universit\u00e1ria. A expectativa \u00e9 atender mais de 20 mil pessoas por ano, a partir da entrega do espa\u00e7o, prevista para <\/p>\n","protected":false},"author":1,"featured_media":0,"comment_status":"open","ping_status":"closed","sticky":false,"template":"","format":"standard","meta":{"footnotes":""},"categories":[6],"tags":[14],"class_list":["post-729","post","type-post","status-publish","format-standard","hentry","category-noticias-em-sao-bernardo","tag-sao-bernardo"],"aioseo_notices":[],"_links":{"self":[{"href":"https:\/\/www.encontrasaobernardo.com.br\/sobre\/wp-json\/wp\/v2\/posts\/729","targetHints":{"allow":["GET"]}}],"collection":[{"href":"https:\/\/www.encontrasaobernardo.com.br\/sobre\/wp-json\/wp\/v2\/posts"}],"about":[{"href":"https:\/\/www.encontrasaobernardo.com.br\/sobre\/wp-json\/wp\/v2\/types\/post"}],"author":[{"embeddable":true,"href":"https:\/\/www.encontrasaobernardo.com.br\/sobre\/wp-json\/wp\/v2\/users\/1"}],"replies":[{"embeddable":true,"href":"https:\/\/www.encontrasaobernardo.com.br\/sobre\/wp-json\/wp\/v2\/comments?post=729"}],"version-history":[{"count":0,"href":"https:\/\/www.encontrasaobernardo.com.br\/sobre\/wp-json\/wp\/v2\/posts\/729\/revisions"}],"wp:attachment":[{"href":"https:\/\/www.encontrasaobernardo.com.br\/sobre\/wp-json\/wp\/v2\/media?parent=729"}],"wp:term":[{"taxonomy":"category","embeddable":true,"href":"https:\/\/www.encontrasaobernardo.com.br\/sobre\/wp-json\/wp\/v2\/categories?post=729"},{"taxonomy":"post_tag","embeddable":true,"href":"https:\/\/www.encontrasaobernardo.com.br\/sobre\/wp-json\/wp\/v2\/tags?post=729"}],"curies":[{"name":"wp","href":"https:\/\/api.w.org\/{rel}","templated":true}]}}