{"id":721,"date":"2012-03-01T18:56:27","date_gmt":"2012-03-01T21:56:27","guid":{"rendered":"http:\/\/www.encontrasaobernardo.com.br\/noticias\/?p=721"},"modified":"2019-04-12T16:42:58","modified_gmt":"2019-04-12T19:42:58","slug":"dilma-viaja-para-fazer-visita-a-lula-em-sao-bernardo","status":"publish","type":"post","link":"https:\/\/www.encontrasaobernardo.com.br\/sobre\/dilma-viaja-para-fazer-visita-a-lula-em-sao-bernardo\/","title":{"rendered":"Dilma viaja para fazer visita a Lula em S\u00e3o Bernardo"},"content":{"rendered":"<div class=\"b7a9cc72b38518383f4213f1240ff05a\" data-index=\"1\" style=\"float: none; margin:0px;\">\n<!-- Anuncio display - global -->\r\n<ins class=\"adsbygoogle\"\r\n     style=\"display:block\"\r\n     data-ad-client=\"ca-pub-8585364105181520\"\r\n     data-ad-slot=\"8789329856\"\r\n     data-ad-format=\"auto\"\r\n     data-full-width-responsive=\"true\"><\/ins>\r\n<script>\r\n     (adsbygoogle = window.adsbygoogle || []).push({});\r\n<\/script>\n<\/div>\n<p>O Pal\u00e1cio do Planalto informou que a presidente\u00a0Dilma Rousseff\u00a0embarcou na tarde desta quinta (1), de Bras\u00edlia, para visitar o ex-presidente Luiz In\u00e1cio Lula da Silva, na casa dele, na cidade de S\u00e3o Bernardo.<\/p>\n<p>A assessoria do pal\u00e1cio n\u00e3o informou a raz\u00e3o da visita. O compromisso n\u00e3o consta da agenda oficial da presidente desta quinta-feira. O encontro com Lula come\u00e7ou por volta das 16h.<\/p>\n<p>O ex-presidente est\u00e1 em recupera\u00e7\u00e3o, ap\u00f3s tratamento contra um c\u00e2ncer na laringe. Segundo o\u00a0blog de Cristiana L\u00f4bo, petistas prev\u00eaem que ele retomar\u00e1 as atividades por volta de 15 de mar\u00e7o.<\/p>\n<p>A presidente deixou Bras\u00edlia no in\u00edcio da tarde, depois de uma reuni\u00e3o com o ministro das Rela\u00e7\u00f5es Exteriores, Antonio Patriota, e o ministro das Rela\u00e7\u00f5es Exteriores do Peru, Rafael Roncagliolo Orbegoso.<\/p>\n<p>Pela manh\u00e3, a presidente discursou, no Pal\u00e1cio do Planalto, na cerim\u00f4nia de assinatura do Compromisso Nacional para Aperfei\u00e7oar as Condi\u00e7\u00f5es de Trabalho na Ind\u00fastria da Constru\u00e7\u00e3o. Nao discurso, ela afirmou que pa\u00edses desenvolvidos promovem um &#8216;tsunami monet\u00e1rio&#8217;.<\/p>\n<p><em>Fonte: G1<\/em><\/p>\n\n<div style=\"font-size: 0px; height: 0px; line-height: 0px; margin: 0; padding: 0; clear: both;\"><\/div>","protected":false},"excerpt":{"rendered":"<p>O Pal\u00e1cio do Planalto informou que a presidente\u00a0Dilma Rousseff\u00a0embarcou na tarde desta quinta (1), de Bras\u00edlia, para visitar o ex-presidente Luiz In\u00e1cio Lula da Silva, na casa dele, na cidade de S\u00e3o Bernardo. A assessoria do pal\u00e1cio n\u00e3o informou a raz\u00e3o da visita. O compromisso n\u00e3o consta da agenda oficial da presidente desta quinta-feira. O encontro com Lula come\u00e7ou por volta das 16h. O ex-presidente est\u00e1 em recupera\u00e7\u00e3o, ap\u00f3s tratamento contra um c\u00e2ncer na laringe. Segundo o\u00a0blog de Cristiana L\u00f4bo, petistas prev\u00eaem que ele retomar\u00e1 as atividades por volta de 15 de mar\u00e7o. A presidente deixou Bras\u00edlia no in\u00edcio da <\/p>\n","protected":false},"author":1,"featured_media":0,"comment_status":"open","ping_status":"closed","sticky":false,"template":"","format":"standard","meta":{"footnotes":""},"categories":[6],"tags":[14],"class_list":["post-721","post","type-post","status-publish","format-standard","hentry","category-noticias-em-sao-bernardo","tag-sao-bernardo"],"aioseo_notices":[],"_links":{"self":[{"href":"https:\/\/www.encontrasaobernardo.com.br\/sobre\/wp-json\/wp\/v2\/posts\/721","targetHints":{"allow":["GET"]}}],"collection":[{"href":"https:\/\/www.encontrasaobernardo.com.br\/sobre\/wp-json\/wp\/v2\/posts"}],"about":[{"href":"https:\/\/www.encontrasaobernardo.com.br\/sobre\/wp-json\/wp\/v2\/types\/post"}],"author":[{"embeddable":true,"href":"https:\/\/www.encontrasaobernardo.com.br\/sobre\/wp-json\/wp\/v2\/users\/1"}],"replies":[{"embeddable":true,"href":"https:\/\/www.encontrasaobernardo.com.br\/sobre\/wp-json\/wp\/v2\/comments?post=721"}],"version-history":[{"count":0,"href":"https:\/\/www.encontrasaobernardo.com.br\/sobre\/wp-json\/wp\/v2\/posts\/721\/revisions"}],"wp:attachment":[{"href":"https:\/\/www.encontrasaobernardo.com.br\/sobre\/wp-json\/wp\/v2\/media?parent=721"}],"wp:term":[{"taxonomy":"category","embeddable":true,"href":"https:\/\/www.encontrasaobernardo.com.br\/sobre\/wp-json\/wp\/v2\/categories?post=721"},{"taxonomy":"post_tag","embeddable":true,"href":"https:\/\/www.encontrasaobernardo.com.br\/sobre\/wp-json\/wp\/v2\/tags?post=721"}],"curies":[{"name":"wp","href":"https:\/\/api.w.org\/{rel}","templated":true}]}}