{"id":710,"date":"2012-02-23T15:51:31","date_gmt":"2012-02-23T18:51:31","guid":{"rendered":"http:\/\/www.encontrasaobernardo.com.br\/noticias\/?p=710"},"modified":"2019-04-12T16:42:58","modified_gmt":"2019-04-12T19:42:58","slug":"creche-onde-crianca-morreu-reabre-as-portas-em-sao-bernardo-2","status":"publish","type":"post","link":"https:\/\/www.encontrasaobernardo.com.br\/sobre\/creche-onde-crianca-morreu-reabre-as-portas-em-sao-bernardo-2\/","title":{"rendered":"Creche onde crian\u00e7a morreu reabre as portas em S\u00e3o Bernardo"},"content":{"rendered":"<div class=\"b7a9cc72b38518383f4213f1240ff05a\" data-index=\"1\" style=\"float: none; margin:0px;\">\n<!-- Anuncio display - global -->\r\n<ins class=\"adsbygoogle\"\r\n     style=\"display:block\"\r\n     data-ad-client=\"ca-pub-8585364105181520\"\r\n     data-ad-slot=\"8789329856\"\r\n     data-ad-format=\"auto\"\r\n     data-full-width-responsive=\"true\"><\/ins>\r\n<script>\r\n     (adsbygoogle = window.adsbygoogle || []).push({});\r\n<\/script>\n<\/div>\n<p>Ap\u00f3s 76 dias de interdi\u00e7\u00e3o e fechamento ao p\u00fablico, a Emeb (Escola Municipal de Educa\u00e7\u00e3o B\u00e1sica) Francisco Diassis Gomes Teixeira, no Parque Esmeralda, regi\u00e3o do Alvarenga, em S\u00e3o Bernardo, reabre hoje para o ano letivo 2012. A escola, que domingo completa um ano de inaugura\u00e7\u00e3o pelo governo Luiz Marinho (PT), ficou marcada pelo acidente que vitimou menino de 1 ano e 2 meses.<\/p>\n<p>A crian\u00e7a brincava no sol\u00e1rio externo, por volta das 12h do dia 7 de dezembro, quando o revestimento do beiral de concreto caiu sobre sua cabe\u00e7a. A Pol\u00edcia Civil aguarda o laudo pericial para confirmar as causas que provocaram a morte de Reynan de Moraes de Nascimento Cruz.<\/p>\n<p>&#8220;Por que aquilo caiu? \u00c9 o que preciso saber para relatar e finalizar o inqu\u00e9rito&#8221;, afirmou o titular do 8\u00ba Distrito Policial de S\u00e3o Bernardo, Nelson Jorge Noronha Nassif, que at\u00e9 ontem n\u00e3o havia recebido o laudo para descobrir o que teria motivado o incidente.<\/p>\n<p>T\u00e9cnicos do IC (Instituto de Criminal\u00edstica) de S\u00e3o Bernardo solicitaram \u00e0 Prefeitura plantas do pr\u00e9dio e\u00a0documenta\u00e7\u00e3o\u00a0 da obra executada pela H.Guedes Engenharia, respons\u00e1vel pela constru\u00e7\u00e3o da Emeb. Nassif informou que os documentos j\u00e1 foram enviados aos engenheiros. Com a conclus\u00e3o do inqu\u00e9rito, o delegado enviar\u00e1 o processo ao\u00a0Minist\u00e9rio P\u00fablico, que poder\u00e1 ou n\u00e3o oferecer den\u00fancia \u00e0 Justi\u00e7a, al\u00e9m de requerer alguma dilig\u00eancia.<\/p>\n<p>A\u00a0equipe\u00a0do\u00a0<em>Di\u00e1rio\u00a0<\/em>esteve mais uma vez na creche &#8211; a fachada foi novamente pintada. O vigilante disse que as aulas come\u00e7am hoje &#8211; a reuni\u00e3o dos pais ocorreu dia 16.<\/p>\n<p>Ap\u00f3s libera\u00e7\u00e3o por parte da Pol\u00edcia Civil,\u00a0funcion\u00e1rios\u00a0terceirizados da H. Guedes, respons\u00e1vel pela obra, reformaram a escola, inclusive no local do acidente. Procurada ontem, mais uma vez, a construtora preferiu n\u00e3o se manifestar.<\/p>\n<p>Os pais da crian\u00e7a continuam abalados com a morte do filho &#8211; a m\u00e3e Alexandra de Moraes Colla tem conhecimento do in\u00edcio das aulas.<\/p>\n<p>A Prefeitura n\u00e3o informou o n\u00famero de crian\u00e7as matriculadas na creche &#8211; em 2011, foram 160, entre 6 meses e 3 anos. O governo apenas confirmou o retorno das aulas.<\/p>\n<p>Isabela Pereira da Silva, 3 anos, consta do cadastro de fila de espera na creche, segundo a av\u00f3 Francinete Pereira da Silva, 43, do Jardim das Oliveiras. &#8220;Por ora, ela n\u00e3o tem como ir \u00e0 escola&#8221;.<\/p>\n<p><em>Fonte: Di\u00e1rio do Grande ABC<\/em><\/p>\n\n<div style=\"font-size: 0px; height: 0px; line-height: 0px; margin: 0; padding: 0; clear: both;\"><\/div>","protected":false},"excerpt":{"rendered":"<p>Ap\u00f3s 76 dias de interdi\u00e7\u00e3o e fechamento ao p\u00fablico, a Emeb (Escola Municipal de Educa\u00e7\u00e3o B\u00e1sica) Francisco Diassis Gomes Teixeira, no Parque Esmeralda, regi\u00e3o do Alvarenga, em S\u00e3o Bernardo, reabre hoje para o ano letivo 2012. A escola, que domingo completa um ano de inaugura\u00e7\u00e3o pelo governo Luiz Marinho (PT), ficou marcada pelo acidente que vitimou menino de 1 ano e 2 meses. A crian\u00e7a brincava no sol\u00e1rio externo, por volta das 12h do dia 7 de dezembro, quando o revestimento do beiral de concreto caiu sobre sua cabe\u00e7a. A Pol\u00edcia Civil aguarda o laudo pericial para confirmar as causas <\/p>\n","protected":false},"author":1,"featured_media":0,"comment_status":"open","ping_status":"closed","sticky":false,"template":"","format":"standard","meta":{"footnotes":""},"categories":[6],"tags":[14],"class_list":["post-710","post","type-post","status-publish","format-standard","hentry","category-noticias-em-sao-bernardo","tag-sao-bernardo"],"aioseo_notices":[],"_links":{"self":[{"href":"https:\/\/www.encontrasaobernardo.com.br\/sobre\/wp-json\/wp\/v2\/posts\/710","targetHints":{"allow":["GET"]}}],"collection":[{"href":"https:\/\/www.encontrasaobernardo.com.br\/sobre\/wp-json\/wp\/v2\/posts"}],"about":[{"href":"https:\/\/www.encontrasaobernardo.com.br\/sobre\/wp-json\/wp\/v2\/types\/post"}],"author":[{"embeddable":true,"href":"https:\/\/www.encontrasaobernardo.com.br\/sobre\/wp-json\/wp\/v2\/users\/1"}],"replies":[{"embeddable":true,"href":"https:\/\/www.encontrasaobernardo.com.br\/sobre\/wp-json\/wp\/v2\/comments?post=710"}],"version-history":[{"count":0,"href":"https:\/\/www.encontrasaobernardo.com.br\/sobre\/wp-json\/wp\/v2\/posts\/710\/revisions"}],"wp:attachment":[{"href":"https:\/\/www.encontrasaobernardo.com.br\/sobre\/wp-json\/wp\/v2\/media?parent=710"}],"wp:term":[{"taxonomy":"category","embeddable":true,"href":"https:\/\/www.encontrasaobernardo.com.br\/sobre\/wp-json\/wp\/v2\/categories?post=710"},{"taxonomy":"post_tag","embeddable":true,"href":"https:\/\/www.encontrasaobernardo.com.br\/sobre\/wp-json\/wp\/v2\/tags?post=710"}],"curies":[{"name":"wp","href":"https:\/\/api.w.org\/{rel}","templated":true}]}}