{"id":70,"date":"2010-12-28T19:06:12","date_gmt":"2010-12-28T21:06:12","guid":{"rendered":"http:\/\/www.encontrasaobernardo.com.br\/noticias\/?p=70"},"modified":"2019-04-12T16:45:52","modified_gmt":"2019-04-12T19:45:52","slug":"frank-aguiar-assume-a-prefeitura-de-sao-bernardo-do-campo","status":"publish","type":"post","link":"https:\/\/www.encontrasaobernardo.com.br\/sobre\/frank-aguiar-assume-a-prefeitura-de-sao-bernardo-do-campo\/","title":{"rendered":"Frank Aguiar assume a prefeitura de S\u00e3o Bernardo do Campo"},"content":{"rendered":"<div class=\"b7a9cc72b38518383f4213f1240ff05a\" data-index=\"1\" style=\"float: none; margin:0px;\">\n<!-- Anuncio display - global -->\r\n<ins class=\"adsbygoogle\"\r\n     style=\"display:block\"\r\n     data-ad-client=\"ca-pub-8585364105181520\"\r\n     data-ad-slot=\"8789329856\"\r\n     data-ad-format=\"auto\"\r\n     data-full-width-responsive=\"true\"><\/ins>\r\n<script>\r\n     (adsbygoogle = window.adsbygoogle || []).push({});\r\n<\/script>\n<\/div>\n<p>O vice-prefeito de S\u00e3o Bernardo do Campo, Frank Aguiar (PTB), assumir\u00e1 a administra\u00e7\u00e3o do Pa\u00e7o Municipal a partir do pr\u00f3ximo dia 3, durante\u00a015 dias. O prefeito Luiz Marinho estar\u00e1 em f\u00e9rias at\u00e9 o dia 17 de janeiro. A posse para Aguiar ser\u00e1 dada nesta ter\u00e7a-feira (28\/12).<\/p>\n<p>Marinho tira f\u00e9rias depois de passar por tumultuadas semanas e com dificuldade de aprovar um projeto importante para a cidade.<\/p>\n<p>A administra\u00e7\u00e3o municipal perdeu a presid\u00eancia da Mesa Diretora e a maioria do apoio dos vereadores na C\u00e2mara. A partir de primeiro de janeiro, o tucano Hiroyuki Minami ser\u00e1 o presidente da Casa.<\/p>\n<p>Sem a maioria na Casa, Marinho quase perde o prazo de assinar um empr\u00e9stimo de R$ 323,4 milh\u00f5es para dar de contrapartidas nas obras do PAC (Programa de Acelera\u00e7\u00e3o do Crescimento)1 e PAC 2.<br \/>\nDepois de quase um m\u00eas em discuss\u00e3o, os vereadores aprovaram nesta segunda-feira (27\/12).<\/p>\n<p><em>Fonte: ABCD Maior<\/em><\/p>\n\n<div style=\"font-size: 0px; height: 0px; line-height: 0px; margin: 0; padding: 0; clear: both;\"><\/div>","protected":false},"excerpt":{"rendered":"<p>O vice-prefeito de S\u00e3o Bernardo do Campo, Frank Aguiar (PTB), assumir\u00e1 a administra\u00e7\u00e3o do Pa\u00e7o Municipal a partir do pr\u00f3ximo dia 3, durante\u00a015 dias. O prefeito Luiz Marinho estar\u00e1 em f\u00e9rias at\u00e9 o dia 17 de janeiro. A posse para Aguiar ser\u00e1 dada nesta ter\u00e7a-feira (28\/12). Marinho tira f\u00e9rias depois de passar por tumultuadas semanas e com dificuldade de aprovar um projeto importante para a cidade. A administra\u00e7\u00e3o municipal perdeu a presid\u00eancia da Mesa Diretora e a maioria do apoio dos vereadores na C\u00e2mara. A partir de primeiro de janeiro, o tucano Hiroyuki Minami ser\u00e1 o presidente da Casa. Sem <\/p>\n","protected":false},"author":1,"featured_media":0,"comment_status":"open","ping_status":"closed","sticky":false,"template":"","format":"standard","meta":{"footnotes":""},"categories":[6],"tags":[15],"class_list":["post-70","post","type-post","status-publish","format-standard","hentry","category-noticias-em-sao-bernardo","tag-sao-bernardo-do-campo"],"aioseo_notices":[],"_links":{"self":[{"href":"https:\/\/www.encontrasaobernardo.com.br\/sobre\/wp-json\/wp\/v2\/posts\/70","targetHints":{"allow":["GET"]}}],"collection":[{"href":"https:\/\/www.encontrasaobernardo.com.br\/sobre\/wp-json\/wp\/v2\/posts"}],"about":[{"href":"https:\/\/www.encontrasaobernardo.com.br\/sobre\/wp-json\/wp\/v2\/types\/post"}],"author":[{"embeddable":true,"href":"https:\/\/www.encontrasaobernardo.com.br\/sobre\/wp-json\/wp\/v2\/users\/1"}],"replies":[{"embeddable":true,"href":"https:\/\/www.encontrasaobernardo.com.br\/sobre\/wp-json\/wp\/v2\/comments?post=70"}],"version-history":[{"count":0,"href":"https:\/\/www.encontrasaobernardo.com.br\/sobre\/wp-json\/wp\/v2\/posts\/70\/revisions"}],"wp:attachment":[{"href":"https:\/\/www.encontrasaobernardo.com.br\/sobre\/wp-json\/wp\/v2\/media?parent=70"}],"wp:term":[{"taxonomy":"category","embeddable":true,"href":"https:\/\/www.encontrasaobernardo.com.br\/sobre\/wp-json\/wp\/v2\/categories?post=70"},{"taxonomy":"post_tag","embeddable":true,"href":"https:\/\/www.encontrasaobernardo.com.br\/sobre\/wp-json\/wp\/v2\/tags?post=70"}],"curies":[{"name":"wp","href":"https:\/\/api.w.org\/{rel}","templated":true}]}}