{"id":692,"date":"2012-02-09T14:19:01","date_gmt":"2012-02-09T17:19:01","guid":{"rendered":"http:\/\/www.encontrasaobernardo.com.br\/noticias\/?p=692"},"modified":"2019-04-12T16:42:58","modified_gmt":"2019-04-12T19:42:58","slug":"defesa-civil-de-sao-bernardo-lacra-edificio-senador","status":"publish","type":"post","link":"https:\/\/www.encontrasaobernardo.com.br\/sobre\/defesa-civil-de-sao-bernardo-lacra-edificio-senador\/","title":{"rendered":"Defesa Civil de S\u00e3o Bernardo lacra Edif\u00edcio Senador"},"content":{"rendered":"<div class=\"b7a9cc72b38518383f4213f1240ff05a\" data-index=\"1\" style=\"float: none; margin:0px;\">\n<!-- Anuncio display - global -->\r\n<ins class=\"adsbygoogle\"\r\n     style=\"display:block\"\r\n     data-ad-client=\"ca-pub-8585364105181520\"\r\n     data-ad-slot=\"8789329856\"\r\n     data-ad-format=\"auto\"\r\n     data-full-width-responsive=\"true\"><\/ins>\r\n<script>\r\n     (adsbygoogle = window.adsbygoogle || []).push({});\r\n<\/script>\n<\/div>\n<p>Palco de desabamento parcial das lajes na noite de segunda-feira, que matou duas pessoas e feriu outras seis, o Edif\u00edcio Senador, no Centro da cidade de S\u00e3o Bernardo, foi lacrado por tempo indeterminado, ontem, pela Pol\u00edcia Civil e a Defesa Civil da cidade.<\/p>\n<p>Segundo o delegado Victor Vasconcellos Lutti, titular do 1\u00ba DP (Centro) da cidade, apesar de n\u00e3o correr risco de desabar, conforme per\u00edcia preliminar do IC (Instituto de Criminal\u00edstica), n\u00e3o h\u00e1 condi\u00e7\u00f5es de as pessoas circularem no local com seguran\u00e7a. A reabertura depende da divulga\u00e7\u00e3o do laudo que est\u00e1 sendo preparado pelo IC e que dever\u00e1 ficar pronto em cerca de 30 dias.<\/p>\n<p>Ser\u00e1 o documento que apontar\u00e1 as causas do acidente. Uma explos\u00e3o e queda de caixa-d&#8217;\u00e1gua est\u00e3o descartadas pela pol\u00edcia. A principal suspeita \u00e9 de que haja infiltra\u00e7\u00f5es e vazamento de \u00e1gua no pr\u00e9dio. Para ajudar na apura\u00e7\u00e3o do inqu\u00e9rito policial, um peda\u00e7o da manta asf\u00e1ltica usada para impermeabilizar o terra\u00e7o ser\u00e1 enviado ao Instituto de Pesquisas Tecn\u00f3logicas. A obra, realizada h\u00e1 cerca de um ano, sem autoriza\u00e7\u00e3o da Prefeitura, pode ter ajudado no desgaste do alicerce do pr\u00e9dio. &#8220;De repente, a constru\u00e7\u00e3o n\u00e3o aceitou bem essa manta. Queremos saber tudo: quem fez, como foi feito, quais materiais foram usados e quanto pesa&#8221;, disse Lutti.<\/p>\n<p>&#8220;A obra foi muito bem feita&#8221;, afirmou o advogado Lauro Salera, 69 anos, h\u00e1 dez deles s\u00edndico do Senador.<\/p>\n<p>&#8220;Nunca nenhum cond\u00f4mino reclamou ou denunciou que houvesse vazamento de \u00e1gua&#8221;, completou. Na ter\u00e7a-feira, ele negou \u00e0 pol\u00edcia que tivesse feito qualquer obra de impermeabiliza\u00e7\u00e3o. Voltou atr\u00e1s ontem, ap\u00f3s peritos atestarem que houve interven\u00e7\u00f5es peri\u00f3dicas no terra\u00e7o. &#8220;Foi uma cat\u00e1strofe, \u00e9 cedo para fazermos qualquer apontamento. Tudo \u00e9 hip\u00f3tese&#8221;, disse Lutti.<\/p>\n<p>Ontem, os bombeiros terminaram o trabalho de remo\u00e7\u00e3o das cerca de 300 toneladas de entulho. A partir de agora, os peritos do IC e a Defesa Civil concentrar\u00e3o os trabalhos dentro do pr\u00e9dio. Alguns peda\u00e7os de vidro e tijolo que amea\u00e7avam cair na cal\u00e7ada da Avenida \u00cdndico foram retirados. Para aumentar a prote\u00e7\u00e3o, todo o contorno do edif\u00edcio foi cercado por tapumes.<\/p>\n<p>Para controlar o acesso de patr\u00f5es e funcion\u00e1rios aos escrit\u00f3rios para a retirada dos pertences, a Pol\u00edcia Militar precisou distribuir senhas. A demora foi grande. Um m\u00e9dico que chegou por volta das 9h s\u00f3 conseguiu sair com os prontu\u00e1rios, medicamentos e equipamentos mais de oito horas depois. &#8220;Foi uma despedida&#8221;, brincou. &#8220;N\u00e3o tem como culpar algu\u00e9m agora. Vamos esperar as coisas com calma, nos recuperar dessa trag\u00e9dia.&#8221;<\/p>\n<p><em>Fonte: Di\u00e1rio do Grande ABC<\/em><\/p>\n\n<div style=\"font-size: 0px; height: 0px; line-height: 0px; margin: 0; padding: 0; clear: both;\"><\/div>","protected":false},"excerpt":{"rendered":"<p>Palco de desabamento parcial das lajes na noite de segunda-feira, que matou duas pessoas e feriu outras seis, o Edif\u00edcio Senador, no Centro da cidade de S\u00e3o Bernardo, foi lacrado por tempo indeterminado, ontem, pela Pol\u00edcia Civil e a Defesa Civil da cidade. Segundo o delegado Victor Vasconcellos Lutti, titular do 1\u00ba DP (Centro) da cidade, apesar de n\u00e3o correr risco de desabar, conforme per\u00edcia preliminar do IC (Instituto de Criminal\u00edstica), n\u00e3o h\u00e1 condi\u00e7\u00f5es de as pessoas circularem no local com seguran\u00e7a. A reabertura depende da divulga\u00e7\u00e3o do laudo que est\u00e1 sendo preparado pelo IC e que dever\u00e1 ficar pronto <\/p>\n","protected":false},"author":1,"featured_media":0,"comment_status":"open","ping_status":"closed","sticky":false,"template":"","format":"standard","meta":{"footnotes":""},"categories":[6],"tags":[14],"class_list":["post-692","post","type-post","status-publish","format-standard","hentry","category-noticias-em-sao-bernardo","tag-sao-bernardo"],"aioseo_notices":[],"_links":{"self":[{"href":"https:\/\/www.encontrasaobernardo.com.br\/sobre\/wp-json\/wp\/v2\/posts\/692","targetHints":{"allow":["GET"]}}],"collection":[{"href":"https:\/\/www.encontrasaobernardo.com.br\/sobre\/wp-json\/wp\/v2\/posts"}],"about":[{"href":"https:\/\/www.encontrasaobernardo.com.br\/sobre\/wp-json\/wp\/v2\/types\/post"}],"author":[{"embeddable":true,"href":"https:\/\/www.encontrasaobernardo.com.br\/sobre\/wp-json\/wp\/v2\/users\/1"}],"replies":[{"embeddable":true,"href":"https:\/\/www.encontrasaobernardo.com.br\/sobre\/wp-json\/wp\/v2\/comments?post=692"}],"version-history":[{"count":0,"href":"https:\/\/www.encontrasaobernardo.com.br\/sobre\/wp-json\/wp\/v2\/posts\/692\/revisions"}],"wp:attachment":[{"href":"https:\/\/www.encontrasaobernardo.com.br\/sobre\/wp-json\/wp\/v2\/media?parent=692"}],"wp:term":[{"taxonomy":"category","embeddable":true,"href":"https:\/\/www.encontrasaobernardo.com.br\/sobre\/wp-json\/wp\/v2\/categories?post=692"},{"taxonomy":"post_tag","embeddable":true,"href":"https:\/\/www.encontrasaobernardo.com.br\/sobre\/wp-json\/wp\/v2\/tags?post=692"}],"curies":[{"name":"wp","href":"https:\/\/api.w.org\/{rel}","templated":true}]}}