{"id":672,"date":"2012-02-02T14:15:29","date_gmt":"2012-02-02T17:15:29","guid":{"rendered":"http:\/\/www.encontrasaobernardo.com.br\/noticias\/?p=672"},"modified":"2019-04-12T16:42:59","modified_gmt":"2019-04-12T19:42:59","slug":"camara-de-sao-bernardo-apresenta-rostos-de-criancas-desaparecidas","status":"publish","type":"post","link":"https:\/\/www.encontrasaobernardo.com.br\/sobre\/camara-de-sao-bernardo-apresenta-rostos-de-criancas-desaparecidas\/","title":{"rendered":"C\u00e2mara de S\u00e3o Bernardo apresenta rostos de crian\u00e7as desaparecidas"},"content":{"rendered":"<div class=\"b7a9cc72b38518383f4213f1240ff05a\" data-index=\"1\" style=\"float: none; margin:0px;\">\n<!-- Anuncio display - global -->\r\n<ins class=\"adsbygoogle\"\r\n     style=\"display:block\"\r\n     data-ad-client=\"ca-pub-8585364105181520\"\r\n     data-ad-slot=\"8789329856\"\r\n     data-ad-format=\"auto\"\r\n     data-full-width-responsive=\"true\"><\/ins>\r\n<script>\r\n     (adsbygoogle = window.adsbygoogle || []).push({});\r\n<\/script>\n<\/div>\n<p>A 1\u00aa Exposi\u00e7\u00e3o Fotogr\u00e1fica Itinerante de Crian\u00e7as e Adolescentes Desaparecidos, promovida pela Funda\u00e7\u00e3o Crian\u00e7a de S\u00e3o Bernardo, estar\u00e1 at\u00e9 o dia 10 de fevereiro no sagu\u00e3o da <a href=\"http:\/\/www.encontrasaobernardo.com.br\/sao-bernardo\/camara-municipal-sao-bernardo.shtml\" target=\"_blank\">C\u00e2mara Municipal<\/a>.<\/p>\n<p>O objetivo da mostra \u00e9 chamar a aten\u00e7\u00e3o da sociedade para o desaparecimento de crian\u00e7as e adolescentes e mobilizar os meios de comunica\u00e7\u00e3o para a divulga\u00e7\u00e3o das imagens, com o intuito aumentar as chances de identifica\u00e7\u00e3o e localiza\u00e7\u00e3o dos desaparecidos.<\/p>\n<p>A exposi\u00e7\u00e3o \u00e9 composta por 34 fotos de crian\u00e7as e adolescentes desaparecidos da regi\u00e3o metropolitana de S\u00e3o Paulo. Destes, nove s\u00e3o de S\u00e3o Bernardo e constam do cadastro municipal do Programa Reencontro \u2013 Servi\u00e7o de Enfrentamento ao Desaparecimento de Crian\u00e7as e Adolescentes da Funda\u00e7\u00e3o Crian\u00e7a.<\/p>\n<p><strong>Servi\u00e7o \u2013\u00a0<\/strong>A Funda\u00e7\u00e3o Crian\u00e7a de S\u00e3o Bernardo do Campo oferece suporte psicossocial e jur\u00eddico \u00e0 fam\u00edlia e apoio na divulga\u00e7\u00e3o de cartazes em com\u00e9rcios e \u00f3rg\u00e3os p\u00fablicos, em sites da Rede Nacional de Identifica\u00e7\u00e3o e Localiza\u00e7\u00e3o de Crian\u00e7as e Adolescentes Desaparecidos e de entidades que contribuem com o processo de busca.<\/p>\n<p>De 2006 at\u00e9 maio de 2011, foram registrados 900 Boletins de Ocorr\u00eancia de desaparecimentos de crian\u00e7as nas delegacias do munic\u00edpio. Do total de casos, 95% s\u00e3o resolvidos de imediato, alguns em menos de uma semana. Mais informa\u00e7\u00f5es pelos telefones 4344-2100 e 4344-2148 ou pelo e-mail desaparecidos@fundacaocrianca.org.br.<\/p>\n<p><em>Fonte: Prefeitura de S\u00e3o Bernardo<\/em><\/p>\n\n<div style=\"font-size: 0px; height: 0px; line-height: 0px; margin: 0; padding: 0; clear: both;\"><\/div>","protected":false},"excerpt":{"rendered":"<p>A 1\u00aa Exposi\u00e7\u00e3o Fotogr\u00e1fica Itinerante de Crian\u00e7as e Adolescentes Desaparecidos, promovida pela Funda\u00e7\u00e3o Crian\u00e7a de S\u00e3o Bernardo, estar\u00e1 at\u00e9 o dia 10 de fevereiro no sagu\u00e3o da C\u00e2mara Municipal. O objetivo da mostra \u00e9 chamar a aten\u00e7\u00e3o da sociedade para o desaparecimento de crian\u00e7as e adolescentes e mobilizar os meios de comunica\u00e7\u00e3o para a divulga\u00e7\u00e3o das imagens, com o intuito aumentar as chances de identifica\u00e7\u00e3o e localiza\u00e7\u00e3o dos desaparecidos. A exposi\u00e7\u00e3o \u00e9 composta por 34 fotos de crian\u00e7as e adolescentes desaparecidos da regi\u00e3o metropolitana de S\u00e3o Paulo. Destes, nove s\u00e3o de S\u00e3o Bernardo e constam do cadastro municipal do Programa <\/p>\n","protected":false},"author":1,"featured_media":0,"comment_status":"open","ping_status":"closed","sticky":false,"template":"","format":"standard","meta":{"footnotes":""},"categories":[34],"tags":[14],"class_list":["post-672","post","type-post","status-publish","format-standard","hentry","category-cultura-em-sao-bernardo","tag-sao-bernardo"],"aioseo_notices":[],"_links":{"self":[{"href":"https:\/\/www.encontrasaobernardo.com.br\/sobre\/wp-json\/wp\/v2\/posts\/672","targetHints":{"allow":["GET"]}}],"collection":[{"href":"https:\/\/www.encontrasaobernardo.com.br\/sobre\/wp-json\/wp\/v2\/posts"}],"about":[{"href":"https:\/\/www.encontrasaobernardo.com.br\/sobre\/wp-json\/wp\/v2\/types\/post"}],"author":[{"embeddable":true,"href":"https:\/\/www.encontrasaobernardo.com.br\/sobre\/wp-json\/wp\/v2\/users\/1"}],"replies":[{"embeddable":true,"href":"https:\/\/www.encontrasaobernardo.com.br\/sobre\/wp-json\/wp\/v2\/comments?post=672"}],"version-history":[{"count":0,"href":"https:\/\/www.encontrasaobernardo.com.br\/sobre\/wp-json\/wp\/v2\/posts\/672\/revisions"}],"wp:attachment":[{"href":"https:\/\/www.encontrasaobernardo.com.br\/sobre\/wp-json\/wp\/v2\/media?parent=672"}],"wp:term":[{"taxonomy":"category","embeddable":true,"href":"https:\/\/www.encontrasaobernardo.com.br\/sobre\/wp-json\/wp\/v2\/categories?post=672"},{"taxonomy":"post_tag","embeddable":true,"href":"https:\/\/www.encontrasaobernardo.com.br\/sobre\/wp-json\/wp\/v2\/tags?post=672"}],"curies":[{"name":"wp","href":"https:\/\/api.w.org\/{rel}","templated":true}]}}