{"id":646,"date":"2012-01-17T14:40:05","date_gmt":"2012-01-17T17:40:05","guid":{"rendered":"http:\/\/www.encontrasaobernardo.com.br\/noticias\/?p=646"},"modified":"2019-04-12T16:43:00","modified_gmt":"2019-04-12T19:43:00","slug":"sao-bernardo-abre-inscricoes-para-oito-oficinas-culturais","status":"publish","type":"post","link":"https:\/\/www.encontrasaobernardo.com.br\/sobre\/sao-bernardo-abre-inscricoes-para-oito-oficinas-culturais\/","title":{"rendered":"S\u00e3o Bernardo abre inscri\u00e7\u00f5es para oito oficinas culturais"},"content":{"rendered":"<div class=\"b7a9cc72b38518383f4213f1240ff05a\" data-index=\"1\" style=\"float: none; margin:0px;\">\n<!-- Anuncio display - global -->\r\n<ins class=\"adsbygoogle\"\r\n     style=\"display:block\"\r\n     data-ad-client=\"ca-pub-8585364105181520\"\r\n     data-ad-slot=\"8789329856\"\r\n     data-ad-format=\"auto\"\r\n     data-full-width-responsive=\"true\"><\/ins>\r\n<script>\r\n     (adsbygoogle = window.adsbygoogle || []).push({});\r\n<\/script>\n<\/div>\n<p>A Funda\u00e7\u00e3o Crian\u00e7a est\u00e1 com matr\u00edculas abertas, at\u00e9 o dia 27 de janeiro, para oficinas nas \u00e1reas de dan\u00e7a, figurino, cenografia, artes pl\u00e1sticas, jud\u00f4, basquete, v\u00f4lei e futsal. Os cursos, realizados no N\u00facleo de Arte, Cultura, Esporte e Cidadania \u2013 Galp\u00e3o Cultural, s\u00e3o gratuitos e voltados a crian\u00e7as e adolescentes de 7 a 18 anos.<\/p>\n<p>Os interessados devem se dirigir \u00e0 Cidade dos Direitos, na Rua Francisco Visentainer, 804, no Bairro Assun\u00e7\u00e3o, das 8 \u00e0s 17h30, com comprovante de endere\u00e7o da cidade S\u00e3o Bernardo do Campo, RG ou Certid\u00e3o de Nascimento da crian\u00e7a ou adolescente e CPF do respons\u00e1vel. Crian\u00e7as devem levar tamb\u00e9m a carteira de vacina\u00e7\u00e3o em dia.<\/p>\n<p>As oficinas de artes pl\u00e1sticas, cenografia e elabora\u00e7\u00e3o de figurinos ser\u00e3o ministradas pelo Laborat\u00f3rio de Artes, projeto financiado pela empresa Scania. A sala de dan\u00e7a conta com o apoio da Funda\u00e7\u00e3o Salvador Arena e as aulas de jud\u00f4, futsal, basquete e v\u00f4lei s\u00e3o realizadas em parceria com o programa Tempo de Escola, da Secretaria de Esportes, Associa\u00e7\u00e3o de Jud\u00f4 Gul\u00f4 e a Liga de Futsal de S\u00e3o Bernardo. As atividades de circo e capoeira ser\u00e3o ministradas por educadores da Funda\u00e7\u00e3o Crian\u00e7a.<\/p>\n<p>As vagas s\u00e3o limitadas. Mais informa\u00e7\u00f5es podem ser obtidas pelo telefone 4109-9656 ou pelo e-mail galpaocultural@fundacaocrianca.org.br.<\/p>\n<p><strong>Abaixo, a rela\u00e7\u00e3o das oficinas, com datas e hor\u00e1rios das turmas<\/strong><\/p>\n<p><strong>Oficinas<\/strong><\/p>\n<p><strong>\u2022 Dan\u00e7a<\/strong><\/p>\n<p>Educador: Jos\u00e9 Carlos<\/p>\n<p>Ter\u00e7a-feira e quinta-feira<\/p>\n<p>Per\u00edodo: manh\u00e3<\/p>\n<p>Turma 1: Das 9h \u00e0s 10h &#8211; 7 a 11 anos<\/p>\n<p>Turma 2: Das 10h \u00e0s 11h20 &#8211; 12 a 17 anos<\/p>\n<p>Per\u00edodo tarde<\/p>\n<p>Turma 3: 13h30 \u00e0s 15h &#8211; de 7 a 11 anos<\/p>\n<p>Turma 4: 15h \u00e0s 16h30 &#8211; de 12 a 18 anos<\/p>\n<p><strong>\u2022 Figurino<\/strong><\/p>\n<p>Educadora: Cec\u00edlia<\/p>\n<p>Quarta-feira e sexta-feira<\/p>\n<p>Idade: de 9 a 17 anos<\/p>\n<p><strong>\u2022 Artes Pl\u00e1sticas<\/strong><\/p>\n<p>Educadora: Andrea<\/p>\n<p>Segunda-feira e ter\u00e7a-feira<\/p>\n<p>Idade: de 7 a 17 anos<\/p>\n<p><strong>\u2022 Cenografia<\/strong><\/p>\n<p>Educador: Javier<\/p>\n<p>Quinta-feira<\/p>\n<p>Idade: de 9 a 17 anos<\/p>\n<p><strong>\u2022 Jud\u00f4<\/strong><\/p>\n<p>Ter\u00e7a-feira e quinta-feira<\/p>\n<p>Das 9h \u00e0s 11h ou 14h30 \u00e0s 16h<\/p>\n<p>In\u00edcio da atividade: 28\/01\/2012<\/p>\n<p>Educadores: Tisa, Leonel e Jos\u00e9 Mauro<\/p>\n<p>Idade: de 7 a 17 anos<\/p>\n<p><strong>\u2022 Esporte<\/strong><\/p>\n<p>Programa Feliz<\/p>\n<p>Turma 1 &#8211; de 7 a 9 anos<\/p>\n<p>Ter\u00e7a-feira e quinta-feira, das 8h \u00e0s 9h<\/p>\n<p>Educador: Djalma<\/p>\n<p>In\u00edcio da atividade: 28\/02\/12<\/p>\n<p><strong>\u2022 Basquete<\/strong><\/p>\n<p>Turma 2 &#8211; de 13 a 15 anos<\/p>\n<p>Ter\u00e7a-feira e quinta-feira, das 9h \u00e0s 10h20<\/p>\n<p>Educador: Djalma<\/p>\n<p>In\u00edcio da atividade: 28\/02\/12<\/p>\n<p><strong>\u2022 V\u00f4lei<\/strong><\/p>\n<p>Turma 3 &#8211; de 13 a 14 anos<\/p>\n<p>Ter\u00e7a- feira e quinta-feira, das 10h30 \u00e0s 11h40<\/p>\n<p>Educador: Djalma<\/p>\n<p>In\u00edcio da atividade: 28\/02\/12<\/p>\n<p><strong>\u2022 Liga de Futsal<\/strong><\/p>\n<p>Segunda-feira, quinta-feira e sexta-feira<\/p>\n<p>Educador: Fabr\u00edcio<\/p>\n<p>Retorno das atividades em breve<\/p>\n<p><strong>\u2022 Circo<\/strong><\/p>\n<p>Educador: Fred<\/p>\n<p>Segunda-feira e quinta-feira<\/p>\n<p>Per\u00edodo: manh\u00e3<\/p>\n<p>Turma 1: Das 9h \u00e0s 10h &#8211; de 12 a 17 anos<\/p>\n<p>Turma 2: Das 10h \u00e0s 11h20 &#8211; de 7 a 11 anos<\/p>\n<p>Per\u00edodo tarde<\/p>\n<p>Turma 3: Das 14h \u00e0s 15h30 &#8211; de 12 a 18 anos<\/p>\n<p>Turma 4: Das 15h30 \u00e0s 17h &#8211; de 7 a 11 anos<\/p>\n<p><strong>\u2022 Capoeira<\/strong><\/p>\n<p>Educador: Rodrigo<\/p>\n<p>Per\u00edodo: manh\u00e3<\/p>\n<p>Segunda-feira e sexta-feira<\/p>\n<p>Turma 1: Das 9h \u00e0s 10h &#8211; 7 a 11 anos<\/p>\n<p>Turma 2: Das 10h \u00e0s 11h20 &#8211; 12 a 17 anos<\/p>\n<p>Per\u00edodo tarde<\/p>\n<p>Segunda-feira e quarta-feira<\/p>\n<p>Turma 3: 14h \u00e0s 15h30 &#8211; de 7 \u00e0 11 anos<\/p>\n<p>Turma 4: 15h30 \u00e0s 17h &#8211; de 12 a 18 anos<\/p>\n<p><em>Fonte: Prefeitura de S\u00e3o Bernardo<\/em><\/p>\n\n<div style=\"font-size: 0px; height: 0px; line-height: 0px; margin: 0; padding: 0; clear: both;\"><\/div>","protected":false},"excerpt":{"rendered":"<p>A Funda\u00e7\u00e3o Crian\u00e7a est\u00e1 com matr\u00edculas abertas, at\u00e9 o dia 27 de janeiro, para oficinas nas \u00e1reas de dan\u00e7a, figurino, cenografia, artes pl\u00e1sticas, jud\u00f4, basquete, v\u00f4lei e futsal. Os cursos, realizados no N\u00facleo de Arte, Cultura, Esporte e Cidadania \u2013 Galp\u00e3o Cultural, s\u00e3o gratuitos e voltados a crian\u00e7as e adolescentes de 7 a 18 anos. Os interessados devem se dirigir \u00e0 Cidade dos Direitos, na Rua Francisco Visentainer, 804, no Bairro Assun\u00e7\u00e3o, das 8 \u00e0s 17h30, com comprovante de endere\u00e7o da cidade S\u00e3o Bernardo do Campo, RG ou Certid\u00e3o de Nascimento da crian\u00e7a ou adolescente e CPF do respons\u00e1vel. Crian\u00e7as <\/p>\n","protected":false},"author":1,"featured_media":0,"comment_status":"open","ping_status":"closed","sticky":false,"template":"","format":"standard","meta":{"footnotes":""},"categories":[3],"tags":[14],"class_list":["post-646","post","type-post","status-publish","format-standard","hentry","category-cursos-em-sao-bernardo","tag-sao-bernardo"],"aioseo_notices":[],"_links":{"self":[{"href":"https:\/\/www.encontrasaobernardo.com.br\/sobre\/wp-json\/wp\/v2\/posts\/646","targetHints":{"allow":["GET"]}}],"collection":[{"href":"https:\/\/www.encontrasaobernardo.com.br\/sobre\/wp-json\/wp\/v2\/posts"}],"about":[{"href":"https:\/\/www.encontrasaobernardo.com.br\/sobre\/wp-json\/wp\/v2\/types\/post"}],"author":[{"embeddable":true,"href":"https:\/\/www.encontrasaobernardo.com.br\/sobre\/wp-json\/wp\/v2\/users\/1"}],"replies":[{"embeddable":true,"href":"https:\/\/www.encontrasaobernardo.com.br\/sobre\/wp-json\/wp\/v2\/comments?post=646"}],"version-history":[{"count":0,"href":"https:\/\/www.encontrasaobernardo.com.br\/sobre\/wp-json\/wp\/v2\/posts\/646\/revisions"}],"wp:attachment":[{"href":"https:\/\/www.encontrasaobernardo.com.br\/sobre\/wp-json\/wp\/v2\/media?parent=646"}],"wp:term":[{"taxonomy":"category","embeddable":true,"href":"https:\/\/www.encontrasaobernardo.com.br\/sobre\/wp-json\/wp\/v2\/categories?post=646"},{"taxonomy":"post_tag","embeddable":true,"href":"https:\/\/www.encontrasaobernardo.com.br\/sobre\/wp-json\/wp\/v2\/tags?post=646"}],"curies":[{"name":"wp","href":"https:\/\/api.w.org\/{rel}","templated":true}]}}