{"id":613,"date":"2011-12-22T16:23:10","date_gmt":"2011-12-22T19:23:10","guid":{"rendered":"http:\/\/www.encontrasaobernardo.com.br\/noticias\/?p=613"},"modified":"2019-04-12T16:43:01","modified_gmt":"2019-04-12T19:43:01","slug":"mercedes-atinge-recorde-de-producao-em-sao-bernardo","status":"publish","type":"post","link":"https:\/\/www.encontrasaobernardo.com.br\/sobre\/mercedes-atinge-recorde-de-producao-em-sao-bernardo\/","title":{"rendered":"Mercedes atinge recorde de produ\u00e7\u00e3o em S\u00e3o Bernardo"},"content":{"rendered":"<div class=\"b7a9cc72b38518383f4213f1240ff05a\" data-index=\"1\" style=\"float: none; margin:0px;\">\n<!-- Anuncio display - global -->\r\n<ins class=\"adsbygoogle\"\r\n     style=\"display:block\"\r\n     data-ad-client=\"ca-pub-8585364105181520\"\r\n     data-ad-slot=\"8789329856\"\r\n     data-ad-format=\"auto\"\r\n     data-full-width-responsive=\"true\"><\/ins>\r\n<script>\r\n     (adsbygoogle = window.adsbygoogle || []).push({});\r\n<\/script>\n<\/div>\n<p>A Mercedes-Benz do\u00a0Brasil\u00a0ir\u00e1 atingir, neste ano, o recorde de produ\u00e7\u00e3o de ve\u00edculos comerciais em sua f\u00e1brica na cidade de S\u00e3o Bernardo, aproximando-se de 80 mil unidades fabricadas. Ser\u00e3o cerca de 51 mil caminh\u00f5es e mais de 28 mil chassis de \u00f4nibus.<\/p>\n<p>&#8220;Esse expressivo volume de produ\u00e7\u00e3o \u00e9 fruto dos investimentos feitos pela\u00a0Empresa\u00a0para o aumento de capacidade em nossa f\u00e1brica, visando assim atender especialmente \u00e0 demanda do mercado interno, que se mant\u00e9m aquecida gra\u00e7as ao cont\u00ednuo desenvolvimento econ\u00f4mico do Pa\u00eds&#8221;, afirma J\u00fcrgen Ziegler, presidente da Mercedes-Benz do Brasil e CEO Am\u00e9rica Latina.<\/p>\n<p>De acordo com o\u00a0executivo, a capacidade de produ\u00e7\u00e3o da empresa ser\u00e1 ampliada ainda mais em 2012, quando entrar\u00e1 em opera\u00e7\u00e3o a nova f\u00e1brica de caminh\u00f5es de Juiz de Fora, Minas Gerais. &#8220;Ganharemos assim mais condi\u00e7\u00f5es de atender a novas demandas dos nossos clientes, oferecendo a eles a mais completa linha de ve\u00edculos comerciais do Brasil, com produtos para todos os segmentos de transporte de passageiros e de carga, tanto urbanos, quanto rodovi\u00e1rios e fora-de-estrada&#8221;, acrescenta o executivo.<\/p>\n<p>Em 2011, a f\u00e1brica de S\u00e3o Bernardo dever\u00e1 alcan\u00e7ar tamb\u00e9m a produ\u00e7\u00e3o de 97 mil motores, 58.000 c\u00e2mbios e 192.000 eixos. A unidade brasileira \u00e9 fornecedora de c\u00e2mbios leves e m\u00e9dios para outras\u00a0empresas\u00a0do Grupo Daimler.<\/p>\n<p>De acordo com J\u00fcrgen Ziegler, o recorde de produ\u00e7\u00e3o reflete tamb\u00e9m a \u00f3tima performance de vendas de ve\u00edculos comerciais Mercedes-Benz em 2011, o que reafirma a confian\u00e7a dos clientes nos produtos da marca.<\/p>\n<p><strong>Terceiro turno<\/strong><\/p>\n<p>A Mercedes-Benz do Brasil contratou 950 profissionais em 2011, o que impactou na abertura do in\u00e9dito terceiro turno para a produ\u00e7\u00e3o de caminh\u00f5es, processo para o qual contou com mais de 500 funcion\u00e1rios.<\/p>\n<p>Os demais colaboradores foram selecionados para atuar em diversas \u00e1reas produtivas de caminh\u00f5es, agregados e produtos remanufaturados, al\u00e9m de \u00e1reas administrativas na f\u00e1brica de S\u00e3o Bernardo do Campo.<\/p>\n<p>Com as novas contrata\u00e7\u00f5es, a Mercedes-Benz do Brasil elevou para 14.350 o n\u00famero de colaboradores no Pa\u00eds, considerando as unidades de S\u00e3o Bernardo do Campo, Campinas e Juiz de Fora, confirmando sua posi\u00e7\u00e3o de maior empregadora entre as empresas do setor de ve\u00edculos comerciais na Am\u00e9rica Latina.<\/p>\n<p><strong>Maior fabricante<\/strong><\/p>\n<p>Maior f\u00e1brica da Mercedes-Benz fora da Alemanha, a planta de S\u00e3o Bernardo \u00e9 a \u00fanica da Daimler a produzir, num mesmo local, caminh\u00f5es, chassis de \u00f4nibus e agregados, como motores, c\u00e2mbios e eixos, al\u00e9m de cabinas de caminh\u00f5es.<\/p>\n<p>A unidade brasileira \u00e9 o centro mundial de compet\u00eancia da Daimler para desenvolvimento e produ\u00e7\u00e3o de chassis de \u00f4nibus. Al\u00e9m disso, destaca-se tamb\u00e9m por seu Centro de Desenvolvimento Tecnol\u00f3gico, o maior do setor na Am\u00e9rica Latina.<\/p>\n<p><em>Fonte: Di\u00e1rio do Grande ABC<\/em><\/p>\n\n<div style=\"font-size: 0px; height: 0px; line-height: 0px; margin: 0; padding: 0; clear: both;\"><\/div>","protected":false},"excerpt":{"rendered":"<p>A Mercedes-Benz do\u00a0Brasil\u00a0ir\u00e1 atingir, neste ano, o recorde de produ\u00e7\u00e3o de ve\u00edculos comerciais em sua f\u00e1brica na cidade de S\u00e3o Bernardo, aproximando-se de 80 mil unidades fabricadas. Ser\u00e3o cerca de 51 mil caminh\u00f5es e mais de 28 mil chassis de \u00f4nibus. &#8220;Esse expressivo volume de produ\u00e7\u00e3o \u00e9 fruto dos investimentos feitos pela\u00a0Empresa\u00a0para o aumento de capacidade em nossa f\u00e1brica, visando assim atender especialmente \u00e0 demanda do mercado interno, que se mant\u00e9m aquecida gra\u00e7as ao cont\u00ednuo desenvolvimento econ\u00f4mico do Pa\u00eds&#8221;, afirma J\u00fcrgen Ziegler, presidente da Mercedes-Benz do Brasil e CEO Am\u00e9rica Latina. De acordo com o\u00a0executivo, a capacidade de produ\u00e7\u00e3o da <\/p>\n","protected":false},"author":1,"featured_media":0,"comment_status":"open","ping_status":"closed","sticky":false,"template":"","format":"standard","meta":{"footnotes":""},"categories":[6],"tags":[14],"class_list":["post-613","post","type-post","status-publish","format-standard","hentry","category-noticias-em-sao-bernardo","tag-sao-bernardo"],"aioseo_notices":[],"_links":{"self":[{"href":"https:\/\/www.encontrasaobernardo.com.br\/sobre\/wp-json\/wp\/v2\/posts\/613","targetHints":{"allow":["GET"]}}],"collection":[{"href":"https:\/\/www.encontrasaobernardo.com.br\/sobre\/wp-json\/wp\/v2\/posts"}],"about":[{"href":"https:\/\/www.encontrasaobernardo.com.br\/sobre\/wp-json\/wp\/v2\/types\/post"}],"author":[{"embeddable":true,"href":"https:\/\/www.encontrasaobernardo.com.br\/sobre\/wp-json\/wp\/v2\/users\/1"}],"replies":[{"embeddable":true,"href":"https:\/\/www.encontrasaobernardo.com.br\/sobre\/wp-json\/wp\/v2\/comments?post=613"}],"version-history":[{"count":0,"href":"https:\/\/www.encontrasaobernardo.com.br\/sobre\/wp-json\/wp\/v2\/posts\/613\/revisions"}],"wp:attachment":[{"href":"https:\/\/www.encontrasaobernardo.com.br\/sobre\/wp-json\/wp\/v2\/media?parent=613"}],"wp:term":[{"taxonomy":"category","embeddable":true,"href":"https:\/\/www.encontrasaobernardo.com.br\/sobre\/wp-json\/wp\/v2\/categories?post=613"},{"taxonomy":"post_tag","embeddable":true,"href":"https:\/\/www.encontrasaobernardo.com.br\/sobre\/wp-json\/wp\/v2\/tags?post=613"}],"curies":[{"name":"wp","href":"https:\/\/api.w.org\/{rel}","templated":true}]}}