{"id":606,"date":"2011-12-20T17:28:29","date_gmt":"2011-12-20T20:28:29","guid":{"rendered":"http:\/\/www.encontrasaobernardo.com.br\/noticias\/?p=606"},"modified":"2019-04-12T16:43:02","modified_gmt":"2019-04-12T19:43:02","slug":"dilma-analisa-proposta-de-aeroporto-em-sao-bernardo","status":"publish","type":"post","link":"https:\/\/www.encontrasaobernardo.com.br\/sobre\/dilma-analisa-proposta-de-aeroporto-em-sao-bernardo\/","title":{"rendered":"Dilma analisa proposta de aeroporto em S\u00e3o Bernardo"},"content":{"rendered":"<div class=\"b7a9cc72b38518383f4213f1240ff05a\" data-index=\"1\" style=\"float: none; margin:0px;\">\n<!-- Anuncio display - global -->\r\n<ins class=\"adsbygoogle\"\r\n     style=\"display:block\"\r\n     data-ad-client=\"ca-pub-8585364105181520\"\r\n     data-ad-slot=\"8789329856\"\r\n     data-ad-format=\"auto\"\r\n     data-full-width-responsive=\"true\"><\/ins>\r\n<script>\r\n     (adsbygoogle = window.adsbygoogle || []).push({});\r\n<\/script>\n<\/div>\n<p>O ministro-chefe da Secretaria-Geral da Presid\u00eancia da Rep\u00fablica, Gilberto Carvalho (PT), disse que o projeto de constru\u00e7\u00e3o de aeroporto em guia de S\u00e3o Bernardo, noticiado pelo Di\u00e1rio em outubro, est\u00e1 em an\u00e1lise no governo federal. O integrante do alto escal\u00e3o da administra\u00e7\u00e3o Dilma Rousseff classificou o plano do prefeito Luiz Marinho (PT) como &#8220;interessante&#8221;.<\/p>\n<p>&#8220;O Marinho tem vindo com essa hist\u00f3ria nova do aeroporto. A presidente j\u00e1 ouviu dele, nos parece bem interessante&#8221;, analisou Carvalho, ontem, durante evento de comemora\u00e7\u00f5es de 21 anos do Cons\u00f3rcio Intermunicipal.<\/p>\n<p>Em outubro, Marinho conversou com Dilma sobre a possibilidade de abertura de aeroporto no Grande ABC. O prefeito de S\u00e3o Bernardo tem afirmado que a Regi\u00e3o Metropolitana precisa, em curto prazo, de novo terminal a\u00e9reo. O petista havia solicitado que a presidente encampasse a proposta.<\/p>\n<p>Carvalho afirmou que a sugest\u00e3o de Marinho est\u00e1 em an\u00e1lise de t\u00e9cnicos da Aeron\u00e1utica, Infraero e Ag\u00eancia Nacional de Avia\u00e7\u00e3o Civil. &#8220;N\u00e3o estou dizendo nada ainda com parecer t\u00e9cnico porque n\u00e3o sou da \u00e1rea. Mas sempre \u00e9 bom ter novas ideias para a regi\u00e3o&#8221;, argumentou o ministro.<\/p>\n<p>Antes evasivo ao comentar o tema, Marinho revelou alguns pontos do projeto que esmiu\u00e7ou para Dilma. O planejamento \u00e9 acolher terminal a\u00e9reo de carga e executivo &#8211; que aceitaria desembarque somente de jatos fretados, fechado para a avia\u00e7\u00e3o comercial. &#8220;Olhando para o mundo da log\u00edstica e desempenho da economia, a proximidade com maior porto da Am\u00e9rica Latina, olhando para o pr\u00e9-sal, talvez seja o caso de grande aeroporto para avia\u00e7\u00e3o executiva e carga. E estamos estudando esse assunto. O Grande ABC tem interesse nesse tema e estar\u00e1 preparado para oferecer essa possibilidade&#8221;, disse o prefeito.<\/p>\n<p>Uma das \u00e1reas estudadas pela Prefeitura \u00e9 pr\u00f3xima ao trecho Sul do Rodoanel. O ponto forte \u00e9 a localiza\u00e7\u00e3o &#8211; pr\u00f3ximo \u00e0 Baixada Santista e com vias de escoamento para os aeroportos de Congonhas, na Zona Sul de S\u00e3o Paulo, e Cumbica, em Guarulhos. Por\u00e9m, a regi\u00e3o sofre com neblinas constantes.<\/p>\n<p>Dilma tem evitado tocar no assunto, principalmente porque h\u00e1 discuss\u00e3o sobre a concess\u00e3o dos aeroportos de Congonhas e Cumbica \u00e0 iniciativa privada. Na semana passada, o governo federal publicou edital com regras para a administra\u00e7\u00e3o privada nos terminais a\u00e9reos existes na regi\u00e3o metropolitana de S\u00e3o Paulo. O leil\u00e3o est\u00e1 marcado para o dia 6 de fevereiro, na Bolsa de Valores.<\/p>\n<p>CONS\u00d3RCIO<\/p>\n<p>O ministro Gilberto Carvalho participou ontem das festividades de 21 anos do Cons\u00f3rcio Intermunicipal. As comemora\u00e7\u00f5es rememoraram Celso Daniel, prefeito de Santo Andr\u00e9 por tr\u00eas mandatos, idealizador do \u00f3rg\u00e3o regional e que morreu em 2002. Um espa\u00e7o foi inaugurado no subsolo do pr\u00e9dio da entidade recordando os primeiros documentos assinados por Celso nos prim\u00f3rdios do grupo, em 1990.<\/p>\n<p>Ex-secret\u00e1rio na gest\u00e3o de Celso Daniel, Carvalho relembrou que o ex-presidente Luiz In\u00e1cio Lula da Silva tinha confirmado a interlocutores que o andreense seria ministro do Planejamento caso assumisse a Presid\u00eancia da Rep\u00fablica. &#8220;O Lula n\u00e3o escondia de ningu\u00e9m quando o escolheu para ser o coordenador do plano de governo. Ficava evidente pelo plano que era ele assumiria toda \u00e1rea de pensar o Pa\u00eds.&#8221;<\/p>\n<p><em>Fonte: Di\u00e1rio do Grande ABC<\/em><\/p>\n\n<div style=\"font-size: 0px; height: 0px; line-height: 0px; margin: 0; padding: 0; clear: both;\"><\/div>","protected":false},"excerpt":{"rendered":"<p>O ministro-chefe da Secretaria-Geral da Presid\u00eancia da Rep\u00fablica, Gilberto Carvalho (PT), disse que o projeto de constru\u00e7\u00e3o de aeroporto em guia de S\u00e3o Bernardo, noticiado pelo Di\u00e1rio em outubro, est\u00e1 em an\u00e1lise no governo federal. O integrante do alto escal\u00e3o da administra\u00e7\u00e3o Dilma Rousseff classificou o plano do prefeito Luiz Marinho (PT) como &#8220;interessante&#8221;. &#8220;O Marinho tem vindo com essa hist\u00f3ria nova do aeroporto. A presidente j\u00e1 ouviu dele, nos parece bem interessante&#8221;, analisou Carvalho, ontem, durante evento de comemora\u00e7\u00f5es de 21 anos do Cons\u00f3rcio Intermunicipal. Em outubro, Marinho conversou com Dilma sobre a possibilidade de abertura de aeroporto no <\/p>\n","protected":false},"author":1,"featured_media":0,"comment_status":"open","ping_status":"closed","sticky":false,"template":"","format":"standard","meta":{"footnotes":""},"categories":[6],"tags":[14],"class_list":["post-606","post","type-post","status-publish","format-standard","hentry","category-noticias-em-sao-bernardo","tag-sao-bernardo"],"aioseo_notices":[],"_links":{"self":[{"href":"https:\/\/www.encontrasaobernardo.com.br\/sobre\/wp-json\/wp\/v2\/posts\/606","targetHints":{"allow":["GET"]}}],"collection":[{"href":"https:\/\/www.encontrasaobernardo.com.br\/sobre\/wp-json\/wp\/v2\/posts"}],"about":[{"href":"https:\/\/www.encontrasaobernardo.com.br\/sobre\/wp-json\/wp\/v2\/types\/post"}],"author":[{"embeddable":true,"href":"https:\/\/www.encontrasaobernardo.com.br\/sobre\/wp-json\/wp\/v2\/users\/1"}],"replies":[{"embeddable":true,"href":"https:\/\/www.encontrasaobernardo.com.br\/sobre\/wp-json\/wp\/v2\/comments?post=606"}],"version-history":[{"count":0,"href":"https:\/\/www.encontrasaobernardo.com.br\/sobre\/wp-json\/wp\/v2\/posts\/606\/revisions"}],"wp:attachment":[{"href":"https:\/\/www.encontrasaobernardo.com.br\/sobre\/wp-json\/wp\/v2\/media?parent=606"}],"wp:term":[{"taxonomy":"category","embeddable":true,"href":"https:\/\/www.encontrasaobernardo.com.br\/sobre\/wp-json\/wp\/v2\/categories?post=606"},{"taxonomy":"post_tag","embeddable":true,"href":"https:\/\/www.encontrasaobernardo.com.br\/sobre\/wp-json\/wp\/v2\/tags?post=606"}],"curies":[{"name":"wp","href":"https:\/\/api.w.org\/{rel}","templated":true}]}}