{"id":598,"date":"2011-12-15T15:42:38","date_gmt":"2011-12-15T18:42:38","guid":{"rendered":"http:\/\/www.encontrasaobernardo.com.br\/noticias\/?p=598"},"modified":"2019-04-12T16:43:02","modified_gmt":"2019-04-12T19:43:02","slug":"sao-bernardo-creche-onde-menino-morreu-nao-tem-laudo-dos-bombeiros","status":"publish","type":"post","link":"https:\/\/www.encontrasaobernardo.com.br\/sobre\/sao-bernardo-creche-onde-menino-morreu-nao-tem-laudo-dos-bombeiros\/","title":{"rendered":"S\u00e3o Bernardo: creche onde menino morreu n\u00e3o tem laudo dos bombeiros"},"content":{"rendered":"<div class=\"b7a9cc72b38518383f4213f1240ff05a\" data-index=\"1\" style=\"float: none; margin:0px;\">\n<!-- Anuncio display - global -->\r\n<ins class=\"adsbygoogle\"\r\n     style=\"display:block\"\r\n     data-ad-client=\"ca-pub-8585364105181520\"\r\n     data-ad-slot=\"8789329856\"\r\n     data-ad-format=\"auto\"\r\n     data-full-width-responsive=\"true\"><\/ins>\r\n<script>\r\n     (adsbygoogle = window.adsbygoogle || []).push({});\r\n<\/script>\n<\/div>\n<p>A creche onde uma crian\u00e7a de 1 ano e 2 meses morreu em guia de S\u00e3o Bernardo, ao ser atingida na cabe\u00e7a por reboco que se desprendeu de viga de concreto, n\u00e3o possui o Auto de Vistoria do Corpo de Bombeiros. Ap\u00f3s o t\u00e9rmino da obra, o pr\u00e9dio deveria ter passado pela inspe\u00e7\u00e3o dos bombeiros, o que n\u00e3o ocorreu. A escola foi inaugurada no dia 26 de fevereiro.<\/p>\n<p>A falta do laudo foi confirmada pelo coronel Roberto Rensi Cunha, comandante do 8\u00ba Grupamento do Corpo de Bombeiros, respons\u00e1vel pela corpora\u00e7\u00e3o no Grande ABC.<\/p>\n<p>Na pr\u00e1tica, sem o auto de vistoria, significa que, na creche, n\u00e3o existe a garantia de seguran\u00e7a contra inc\u00eandio, atestada pelos bombeiros. Entre as exig\u00eancias est\u00e3o extintores, rotas de fuga, corrim\u00e3o, hidrantes e ilumina\u00e7\u00e3o de emerg\u00eancia. O auto de vistoria \u00e9 obrigat\u00f3rio em todo o territ\u00f3rio estadual, de acordo com o decreto 56.819, de 10 de mar\u00e7o de 2011 &#8211; a nova legisla\u00e7\u00e3o substitui o 46.076, de 31 de agosto de 2001.<\/p>\n<p>Apesar de obrigat\u00f3rio pela lei estadual, a corpora\u00e7\u00e3o n\u00e3o tem compet\u00eancia para cobrar o AVCB. &#8220;A vistoria do Corpo de Bombeiros \u00e9 solicitada pelo interessado, que pode ser o propriet\u00e1rio ou o respons\u00e1vel pelo uso. Nesse caso, a Prefeitura. N\u00e3o agimos por conta pr\u00f3pria&#8221;, explicou o major Alexandre Augusto Ocampos de Souza.<\/p>\n<p>O Corpo de Bombeiros tamb\u00e9m n\u00e3o tem poder de pol\u00edcia, fun\u00e7\u00e3o que cabe \u00e0s prefeituras. &#8220;N\u00e3o emitimos nem cabe a n\u00f3s fiscalizar o alvar\u00e1 de funcionamento do estabelecimento&#8221;, afirmou Rensi.<\/p>\n<p>E o coronel foi al\u00e9m: &#8220;A Prefeitura at\u00e9 tem a autonomia para emitir o alvar\u00e1 sem o AVCB. Agora, se \u00e9 conduta adequada ou n\u00e3o&#8230; \u00c9 uma responsabilidade que ela vai arcar. O caso da morte da crian\u00e7a foi por problema na qualidade da constru\u00e7\u00e3o, mas e se fosse por inc\u00eandio no local?&#8221;<\/p>\n<p>No mesmo terreno da creche funciona a Escola Municipal de Educa\u00e7\u00e3o B\u00e1sica Karolina Zofia Lewandowska. Pelo endere\u00e7o das duas unidades municipais, localizadas na Estrada do Cama Patente, no Jardim Esmeralda, n\u00e3o houve nenhum pedido de vistoria da administra\u00e7\u00e3o ao Corpo de Bombeiros. Indagada, a Prefeitura n\u00e3o informou se fez a solicita\u00e7\u00e3o e se recebeu o laudo.<\/p>\n<p>Antes da vistoria, no entanto, h\u00e1 necessidade da apresenta\u00e7\u00e3o do projeto t\u00e9cnico. Nele, dever\u00e3o constar todos os itens para as medidas de seguran\u00e7a contra inc\u00eandio da edifica\u00e7\u00e3o. A corpora\u00e7\u00e3o tem 30 dias, no m\u00e1ximo, para an\u00e1lise. &#8220;Ap\u00f3s a aprova\u00e7\u00e3o do projeto, a Prefeitura, nesse caso, teria de realizar os ajustes para solicitar a vistoria. O que n\u00e3o ocorreu&#8221;, afirmou o capit\u00e3o Eduardo Drigo da Silva.<\/p>\n<p><strong>Para Prefeitura, alvar\u00e1 de funcionamento \u00e9 dispens\u00e1vel<br \/>\n<\/strong><\/p>\n<p>A Prefeitura de S\u00e3o Bernardo, por meio da Secretaria de Obras, informou ontem que, por se tratar de pr\u00e9dio p\u00fablico, n\u00e3o h\u00e1 necessidade da emiss\u00e3o do alvar\u00e1 de funcionamento. Mas n\u00e3o especificou em qual legisla\u00e7\u00e3o municipal isso est\u00e1 previsto.<\/p>\n<p>Na Lei Org\u00e2nica do Munic\u00edpio n\u00e3o existe nenhum artigo que especifique isso. No artigo 14, na compet\u00eancia do munic\u00edpio, o inciso 14 diz que cabe \u00e0 administra\u00e7\u00e3o &#8220;conceder e renovar licen\u00e7a para localiza\u00e7\u00e3o e funcionamento de estabelecimentos industriais, comerciais, prestadores de servi\u00e7os e quaisquer outros&#8221;.<\/p>\n<p>Mas vale lembrar que fiscais de posturas da Prefeitura de S\u00e3o Bernardo aplicam multas aos propriet\u00e1rios pelas faltas do Auto de Vistoria do Corpo de Bombeiros e da licen\u00e7a de funcionamento, esta emitida pelo munic\u00edpio.<\/p>\n<p><em>Fonte: Di\u00e1rio do Grande ABC<\/em><\/p>\n\n<div style=\"font-size: 0px; height: 0px; line-height: 0px; margin: 0; padding: 0; clear: both;\"><\/div>","protected":false},"excerpt":{"rendered":"<p>A creche onde uma crian\u00e7a de 1 ano e 2 meses morreu em guia de S\u00e3o Bernardo, ao ser atingida na cabe\u00e7a por reboco que se desprendeu de viga de concreto, n\u00e3o possui o Auto de Vistoria do Corpo de Bombeiros. Ap\u00f3s o t\u00e9rmino da obra, o pr\u00e9dio deveria ter passado pela inspe\u00e7\u00e3o dos bombeiros, o que n\u00e3o ocorreu. A escola foi inaugurada no dia 26 de fevereiro. A falta do laudo foi confirmada pelo coronel Roberto Rensi Cunha, comandante do 8\u00ba Grupamento do Corpo de Bombeiros, respons\u00e1vel pela corpora\u00e7\u00e3o no Grande ABC. Na pr\u00e1tica, sem o auto de vistoria, <\/p>\n","protected":false},"author":1,"featured_media":0,"comment_status":"open","ping_status":"closed","sticky":false,"template":"","format":"standard","meta":{"footnotes":""},"categories":[6],"tags":[14],"class_list":["post-598","post","type-post","status-publish","format-standard","hentry","category-noticias-em-sao-bernardo","tag-sao-bernardo"],"aioseo_notices":[],"_links":{"self":[{"href":"https:\/\/www.encontrasaobernardo.com.br\/sobre\/wp-json\/wp\/v2\/posts\/598","targetHints":{"allow":["GET"]}}],"collection":[{"href":"https:\/\/www.encontrasaobernardo.com.br\/sobre\/wp-json\/wp\/v2\/posts"}],"about":[{"href":"https:\/\/www.encontrasaobernardo.com.br\/sobre\/wp-json\/wp\/v2\/types\/post"}],"author":[{"embeddable":true,"href":"https:\/\/www.encontrasaobernardo.com.br\/sobre\/wp-json\/wp\/v2\/users\/1"}],"replies":[{"embeddable":true,"href":"https:\/\/www.encontrasaobernardo.com.br\/sobre\/wp-json\/wp\/v2\/comments?post=598"}],"version-history":[{"count":0,"href":"https:\/\/www.encontrasaobernardo.com.br\/sobre\/wp-json\/wp\/v2\/posts\/598\/revisions"}],"wp:attachment":[{"href":"https:\/\/www.encontrasaobernardo.com.br\/sobre\/wp-json\/wp\/v2\/media?parent=598"}],"wp:term":[{"taxonomy":"category","embeddable":true,"href":"https:\/\/www.encontrasaobernardo.com.br\/sobre\/wp-json\/wp\/v2\/categories?post=598"},{"taxonomy":"post_tag","embeddable":true,"href":"https:\/\/www.encontrasaobernardo.com.br\/sobre\/wp-json\/wp\/v2\/tags?post=598"}],"curies":[{"name":"wp","href":"https:\/\/api.w.org\/{rel}","templated":true}]}}