{"id":591,"date":"2011-12-08T15:54:29","date_gmt":"2011-12-08T18:54:29","guid":{"rendered":"http:\/\/www.encontrasaobernardo.com.br\/noticias\/?p=591"},"modified":"2019-04-12T16:43:02","modified_gmt":"2019-04-12T19:43:02","slug":"reboco-de-creche-cai-e-mata-crianca-em-sao-bernardo","status":"publish","type":"post","link":"https:\/\/www.encontrasaobernardo.com.br\/sobre\/reboco-de-creche-cai-e-mata-crianca-em-sao-bernardo\/","title":{"rendered":"Reboco de creche cai e mata crian\u00e7a em S\u00e3o Bernardo"},"content":{"rendered":"<div class=\"b7a9cc72b38518383f4213f1240ff05a\" data-index=\"1\" style=\"float: none; margin:0px;\">\n<!-- Anuncio display - global -->\r\n<ins class=\"adsbygoogle\"\r\n     style=\"display:block\"\r\n     data-ad-client=\"ca-pub-8585364105181520\"\r\n     data-ad-slot=\"8789329856\"\r\n     data-ad-format=\"auto\"\r\n     data-full-width-responsive=\"true\"><\/ins>\r\n<script>\r\n     (adsbygoogle = window.adsbygoogle || []).push({});\r\n<\/script>\n<\/div>\n<p>Parte do reboco de uma creche municipal de guia S\u00e3o Bernardo do Campo, no ABC, desabou no in\u00edcio da tarde desta quarta-feira (7). Segundo informa\u00e7\u00f5es da Prefeitura de S\u00e3o Bernardo, uma crian\u00e7a foi atingida e morreu.<\/p>\n<p>A creche Francisco Diassis Gomes Teixeira fica na Estrada da Cama Patente, na altura do n\u00famero 500. A Secretaria de Obras da cidade foi acionada e interditou o local do acidente. A per\u00edcia tamb\u00e9m foi chamada. A Prefeitura informou ainda que a creche havia sido inaugurada em fevereiro deste ano.<\/p>\n<p>A v\u00edtima tinha 1 ano e 2 meses de idade. Ela chegou a ser socorrida para o Pronto-Socorro Municipal Central, mas morreu por volta das 16h. O caso foi registrado no 8\u00ba Distrito Policial de S\u00e3o Bernardo, como desabamento seguido de morte. &#8220;Vamos investigar se houve culpa de algu\u00e9m, ou n\u00e3o. Temos que ver laudo e ouvir as pessoas ainda&#8221;, disse o delegado Nelson Noronha Nassif, que acompanha o caso.<\/p>\n<p><em>Fonte: G1<\/em><\/p>\n\n<div style=\"font-size: 0px; height: 0px; line-height: 0px; margin: 0; padding: 0; clear: both;\"><\/div>","protected":false},"excerpt":{"rendered":"<p>Parte do reboco de uma creche municipal de guia S\u00e3o Bernardo do Campo, no ABC, desabou no in\u00edcio da tarde desta quarta-feira (7). Segundo informa\u00e7\u00f5es da Prefeitura de S\u00e3o Bernardo, uma crian\u00e7a foi atingida e morreu. A creche Francisco Diassis Gomes Teixeira fica na Estrada da Cama Patente, na altura do n\u00famero 500. A Secretaria de Obras da cidade foi acionada e interditou o local do acidente. A per\u00edcia tamb\u00e9m foi chamada. A Prefeitura informou ainda que a creche havia sido inaugurada em fevereiro deste ano. A v\u00edtima tinha 1 ano e 2 meses de idade. Ela chegou a ser <\/p>\n","protected":false},"author":1,"featured_media":0,"comment_status":"open","ping_status":"closed","sticky":false,"template":"","format":"standard","meta":{"footnotes":""},"categories":[6],"tags":[14],"class_list":["post-591","post","type-post","status-publish","format-standard","hentry","category-noticias-em-sao-bernardo","tag-sao-bernardo"],"aioseo_notices":[],"_links":{"self":[{"href":"https:\/\/www.encontrasaobernardo.com.br\/sobre\/wp-json\/wp\/v2\/posts\/591","targetHints":{"allow":["GET"]}}],"collection":[{"href":"https:\/\/www.encontrasaobernardo.com.br\/sobre\/wp-json\/wp\/v2\/posts"}],"about":[{"href":"https:\/\/www.encontrasaobernardo.com.br\/sobre\/wp-json\/wp\/v2\/types\/post"}],"author":[{"embeddable":true,"href":"https:\/\/www.encontrasaobernardo.com.br\/sobre\/wp-json\/wp\/v2\/users\/1"}],"replies":[{"embeddable":true,"href":"https:\/\/www.encontrasaobernardo.com.br\/sobre\/wp-json\/wp\/v2\/comments?post=591"}],"version-history":[{"count":0,"href":"https:\/\/www.encontrasaobernardo.com.br\/sobre\/wp-json\/wp\/v2\/posts\/591\/revisions"}],"wp:attachment":[{"href":"https:\/\/www.encontrasaobernardo.com.br\/sobre\/wp-json\/wp\/v2\/media?parent=591"}],"wp:term":[{"taxonomy":"category","embeddable":true,"href":"https:\/\/www.encontrasaobernardo.com.br\/sobre\/wp-json\/wp\/v2\/categories?post=591"},{"taxonomy":"post_tag","embeddable":true,"href":"https:\/\/www.encontrasaobernardo.com.br\/sobre\/wp-json\/wp\/v2\/tags?post=591"}],"curies":[{"name":"wp","href":"https:\/\/api.w.org\/{rel}","templated":true}]}}