{"id":589,"date":"2011-12-08T15:52:31","date_gmt":"2011-12-08T18:52:31","guid":{"rendered":"http:\/\/www.encontrasaobernardo.com.br\/noticias\/?p=589"},"modified":"2019-04-12T16:43:02","modified_gmt":"2019-04-12T19:43:02","slug":"vereadores-de-sao-bernardo-desistem-de-audiencias-publicas-e-aprovam-orcamento","status":"publish","type":"post","link":"https:\/\/www.encontrasaobernardo.com.br\/sobre\/vereadores-de-sao-bernardo-desistem-de-audiencias-publicas-e-aprovam-orcamento\/","title":{"rendered":"Vereadores de S\u00e3o Bernardo desistem de audi\u00eancias p\u00fablicas e aprovam Or\u00e7amento"},"content":{"rendered":"<div class=\"b7a9cc72b38518383f4213f1240ff05a\" data-index=\"1\" style=\"float: none; margin:0px;\">\n<!-- Anuncio display - global -->\r\n<ins class=\"adsbygoogle\"\r\n     style=\"display:block\"\r\n     data-ad-client=\"ca-pub-8585364105181520\"\r\n     data-ad-slot=\"8789329856\"\r\n     data-ad-format=\"auto\"\r\n     data-full-width-responsive=\"true\"><\/ins>\r\n<script>\r\n     (adsbygoogle = window.adsbygoogle || []).push({});\r\n<\/script>\n<\/div>\n<p>Os vereadores de S\u00e3o Bernardo aprovaram nesta quarta-feira (7) o Or\u00e7amento de 2012, encerrando a pol\u00eamica envolvendo a realiza\u00e7\u00e3o de audi\u00eancias p\u00fablicas. Na ter\u00e7a-feira (6), a Comiss\u00e3o Mista da Casa havia defendido o adiamento da vota\u00e7\u00e3o por mais uma sess\u00e3o e prop\u00f4s tr\u00eas novas audi\u00eancias, que teriam como objetivo discutir os pontos do projeto com a popula\u00e7\u00e3o.<\/p>\n<p>Logo no in\u00edcio da sess\u00e3o desta quarta, o Legislativo reprovou a proposta de adiamento. Ap\u00f3s algumas suspens\u00f5es dos trabalhos, integrantes da Comiss\u00e3o \u2013 um representante de cada partido \u2013 se reuniram e decidiram pelo cancelamento da convoca\u00e7\u00e3o das audi\u00eancias p\u00fablicas. Marcelo Lima e Admir Ferro, representantes de PPS e PSDB, foram os \u00fanicos que votaram pela manuten\u00e7\u00e3o da convoca\u00e7\u00e3o.<\/p>\n<p>\u201cAs audi\u00eancias s\u00e3o necess\u00e1rias, mas a Comiss\u00e3o entendeu que a C\u00e2mara n\u00e3o estaria pronta para nos assessorar neste momento. Se a popula\u00e7\u00e3o sugerisse mudan\u00e7as, n\u00e3o haveria tempo h\u00e1bil para alterar o projeto\u201d, explica o presidente da Comiss\u00e3o Mista, Antonio Cabrera (PSB).\u00a0\u201cN\u00e3o havia mais sentido fazer audi\u00eancia p\u00fablica porque n\u00e3o h\u00e1 mais nada para agregar\u201d, afirma o presidente da C\u00e2mara de S\u00e3o Bernardo, Hiroyuki Minami (PSDB). \u201cServe de li\u00e7\u00e3o para que no ano que vem o Or\u00e7amento seja mais divulgado\u201d, completa.<\/p>\n<p><strong>Emendas<\/strong><\/p>\n<p>O Legislativo rejeitou todas as emendas ao Or\u00e7amento que foram apresentadas pela oposi\u00e7\u00e3o. Uma delas, de autoria do vereador Admir Ferro (PSDB), tinha como objetivo alterar o valor do remanejamento do Or\u00e7amento permitido \u00e0 Prefeitura.<\/p>\n<p>O parlamentar prop\u00f4s que a margem passasse de 30% para 6%. \u201cO Tribunal de Contas recomenda que o \u00edndice de remanejamento n\u00e3o supere a infla\u00e7\u00e3o do ano, por isso defendi 6%\u201d, explica Admir Ferro. A oposi\u00e7\u00e3o apresentou ainda emenda que obrigaria o Executivo aprestar contas a cada seis meses sobre a execu\u00e7\u00e3o do Or\u00e7amento.<\/p>\n<p>O Or\u00e7amento de 2012 foi entregue pelo prefeito Luiz Marinho ao Legislativo em outubro e prev\u00ea um montante de R$ 3,7 bilh\u00f5es no ano que vem. A \u00e1rea da Sa\u00fade deve receber a maior quantidade de investimentos (R$ 806,9 milh\u00f5es), seguida de Educa\u00e7\u00e3o (R$ 656,7 milh\u00f5es) e Urbanismo (R$ 547 milh\u00f5es).<\/p>\n<p><strong>Sustenta\u00e7\u00e3o prop\u00f5e Comiss\u00e3o para fiscalizar reforma<\/strong><\/p>\n<p>Parlamentares da base aliada tentaram, sem sucesso, criar uma Comiss\u00e3o para fiscalizar a reforma que est\u00e1 sendo realizada na C\u00e2mara, na sess\u00e3o desta quarta-feira. Os vereadores de sustenta\u00e7\u00e3o avaliam que as obras est\u00e3o destruindo a estrutura da Casa.<\/p>\n<p>\u201cFoi um choque para a cidade de S\u00e3o Bernardo o que aconteceu. Quer\u00edamos discutir o que ia ser feito antes do in\u00edcio das interven\u00e7\u00f5es\u201d, explica o vereador Paulo Dias (PT), em refer\u00eancia \u00e0s obras que est\u00e3o mudando a cara da sede do Legislativo. \u201cComo n\u00e3o \u00e9 poss\u00edvel voltar mais como era o pr\u00e9dio, queremos pelo menos acompanhar de perto esse processo\u201d, afirma.<\/p>\n<p>Vereadores da base conseguiram apenas dez assinaturas \u2013 seriam necess\u00e1rias onze ades\u00f5es para que a Comiss\u00e3o fosse criada. O l\u00edder do PPS na Casa, Marcelo Lima, avaliou que n\u00e3o havia necessidade da cria\u00e7\u00e3o da Comiss\u00e3o. \u201cTemos o dever de fiscalizar, n\u00e3o \u00e9 preciso criar um grupo espec\u00edfico para isso\u201d avalia.<\/p>\n<p><strong>C\u00e2mara encerra trabalhos na semana que vem<\/strong><\/p>\n<p>Os vereadores de S\u00e3o Bernardo realizam na semana que vem a \u00faltima sess\u00e3o do ano. Os parlamentares v\u00e3o analisar uma s\u00e9rie de propostas enviadas pelo Executivo. Entre os projetos est\u00e1 a aprova\u00e7\u00e3o de um empr\u00e9stimo de R$ 212 milh\u00f5es que a Prefeitura pretende captar junto ao BID (Banco Interamericano de Desenvolvimento).<br \/>\nA C\u00e2mara deve aprovar ainda repasse de cerca de R$ 4,3 milh\u00f5es que a Prefeitura pretende encaminhar \u00e0 Funda\u00e7\u00e3o Crian\u00e7a atrav\u00e9s da autarquia Rotativo Cidad\u00e3o.<\/p>\n<p><em>Fonte: Rep\u00f3rter Di\u00e1rio<\/em><\/p>\n\n<div style=\"font-size: 0px; height: 0px; line-height: 0px; margin: 0; padding: 0; clear: both;\"><\/div>","protected":false},"excerpt":{"rendered":"<p>Os vereadores de S\u00e3o Bernardo aprovaram nesta quarta-feira (7) o Or\u00e7amento de 2012, encerrando a pol\u00eamica envolvendo a realiza\u00e7\u00e3o de audi\u00eancias p\u00fablicas. Na ter\u00e7a-feira (6), a Comiss\u00e3o Mista da Casa havia defendido o adiamento da vota\u00e7\u00e3o por mais uma sess\u00e3o e prop\u00f4s tr\u00eas novas audi\u00eancias, que teriam como objetivo discutir os pontos do projeto com a popula\u00e7\u00e3o. Logo no in\u00edcio da sess\u00e3o desta quarta, o Legislativo reprovou a proposta de adiamento. Ap\u00f3s algumas suspens\u00f5es dos trabalhos, integrantes da Comiss\u00e3o \u2013 um representante de cada partido \u2013 se reuniram e decidiram pelo cancelamento da convoca\u00e7\u00e3o das audi\u00eancias p\u00fablicas. Marcelo Lima e <\/p>\n","protected":false},"author":1,"featured_media":0,"comment_status":"open","ping_status":"closed","sticky":false,"template":"","format":"standard","meta":{"footnotes":""},"categories":[6],"tags":[14],"class_list":["post-589","post","type-post","status-publish","format-standard","hentry","category-noticias-em-sao-bernardo","tag-sao-bernardo"],"aioseo_notices":[],"_links":{"self":[{"href":"https:\/\/www.encontrasaobernardo.com.br\/sobre\/wp-json\/wp\/v2\/posts\/589","targetHints":{"allow":["GET"]}}],"collection":[{"href":"https:\/\/www.encontrasaobernardo.com.br\/sobre\/wp-json\/wp\/v2\/posts"}],"about":[{"href":"https:\/\/www.encontrasaobernardo.com.br\/sobre\/wp-json\/wp\/v2\/types\/post"}],"author":[{"embeddable":true,"href":"https:\/\/www.encontrasaobernardo.com.br\/sobre\/wp-json\/wp\/v2\/users\/1"}],"replies":[{"embeddable":true,"href":"https:\/\/www.encontrasaobernardo.com.br\/sobre\/wp-json\/wp\/v2\/comments?post=589"}],"version-history":[{"count":0,"href":"https:\/\/www.encontrasaobernardo.com.br\/sobre\/wp-json\/wp\/v2\/posts\/589\/revisions"}],"wp:attachment":[{"href":"https:\/\/www.encontrasaobernardo.com.br\/sobre\/wp-json\/wp\/v2\/media?parent=589"}],"wp:term":[{"taxonomy":"category","embeddable":true,"href":"https:\/\/www.encontrasaobernardo.com.br\/sobre\/wp-json\/wp\/v2\/categories?post=589"},{"taxonomy":"post_tag","embeddable":true,"href":"https:\/\/www.encontrasaobernardo.com.br\/sobre\/wp-json\/wp\/v2\/tags?post=589"}],"curies":[{"name":"wp","href":"https:\/\/api.w.org\/{rel}","templated":true}]}}