{"id":585,"date":"2011-12-06T15:14:47","date_gmt":"2011-12-06T18:14:47","guid":{"rendered":"http:\/\/www.encontrasaobernardo.com.br\/noticias\/?p=585"},"modified":"2019-04-12T16:43:03","modified_gmt":"2019-04-12T19:43:03","slug":"camara-de-sao-bernardo-paga-conta-de-telefone-sem-conferir","status":"publish","type":"post","link":"https:\/\/www.encontrasaobernardo.com.br\/sobre\/camara-de-sao-bernardo-paga-conta-de-telefone-sem-conferir\/","title":{"rendered":"C\u00e2mara de S\u00e3o Bernardo paga conta de telefone sem conferir"},"content":{"rendered":"<div class=\"b7a9cc72b38518383f4213f1240ff05a\" data-index=\"1\" style=\"float: none; margin:0px;\">\n<!-- Anuncio display - global -->\r\n<ins class=\"adsbygoogle\"\r\n     style=\"display:block\"\r\n     data-ad-client=\"ca-pub-8585364105181520\"\r\n     data-ad-slot=\"8789329856\"\r\n     data-ad-format=\"auto\"\r\n     data-full-width-responsive=\"true\"><\/ins>\r\n<script>\r\n     (adsbygoogle = window.adsbygoogle || []).push({});\r\n<\/script>\n<\/div>\n<p>A C\u00e2mara da cidade de S\u00e3o Bernardo pagou R$ 502 mil de conta telef\u00f4nica sem analisar se o valor era correto e sem separar os d\u00e9bitos de cada gabinete, o que apontaria qual vereador extrapolou &#8211; ou n\u00e3o &#8211; o uso dos aparelhos celulares e fixos.<\/p>\n<p>Essa \u00e9 a conclus\u00e3o do mun\u00edcipe Marcelo Sarti, que teve seu pedido de acesso \u00e0s contas respondido pelo presidente do Legislativo, Hiroyuki Minami (PSDB). No of\u00edcio enviado ao metal\u00fargico aposentado, o tucano informa que &#8220;n\u00e3o est\u00e3o, ainda, dispon\u00edveis os c\u00e1lculos acerca dos quantitativos de liga\u00e7\u00f5es telef\u00f4nicas individualizadas por unidade administrativa&#8221;.<\/p>\n<p>Minami pede mais 30 dias para concluir o levantamento das contas para, depois disso, entregar a Sarti. J\u00e1 faz um m\u00eas do pedido. &#8220;A morosidade \u00e9 decorrente do volume de registros e da inadequa\u00e7\u00e3o dos arquivos dispon\u00edveis para seu manejo, que n\u00e3o permite din\u00e2mica mais c\u00e9lere&#8221;, justifica o comandante da Casa.<\/p>\n<p>O mun\u00edcipe, por sua vez, que requereu os dados como qualquer outro morador poderia ter solicitado, pois trata-se de informa\u00e7\u00e3o p\u00fablica de conta paga com o dinheiro de impostos, afirma que &#8220;os administradores da C\u00e2mara j\u00e1 tiveram o tempo necess\u00e1rio para fazer a an\u00e1lise das contas&#8221;.<\/p>\n<p>&#8220;N\u00e3o vou ficar esperando mais nada. Vou montar um pequeno dossi\u00ea sobre a situa\u00e7\u00e3o e encaminhar para apura\u00e7\u00e3o do Minist\u00e9rio P\u00fablico. Insisto que a C\u00e2mara pagou as contas sem saber quem gastou&#8221;, discorre Marcelo Sarti.<\/p>\n<p>Epis\u00f3dio &#8211; Em setembro, os vereadores autorizaram Minami pagar a d\u00edvida de R$ 502 mil com prestadoras de servi\u00e7os de telefonia deixada na gest\u00e3o anterior, de Ot\u00e1vio Manente (que morreu em abril). O d\u00e9bito com a Embratel (fixos) e Vivo (celulares) chegou a R$ 605 mil. Mas negocia\u00e7\u00f5es com as companhias resultaram em desconto de R$ 103 mil.<\/p>\n<p>Os servi\u00e7os da Embratel foram prestados no per\u00edodo de outubro de 2009 a abril de 2011. J\u00e1 os da Vivo foram contratados de julho de 2009 a julho de 2010 &#8211; eram 12 aparelhos celulares para cada um dos 21 gabinetes, beneficiando os vereadores e seus assessores. Ot\u00e1vio Manente contestava os valores cobrados e a forma de controle das empresas sobre as liga\u00e7\u00f5es, pois n\u00e3o havia separa\u00e7\u00e3o da utiliza\u00e7\u00e3o por parlamentar.<\/p>\n<p>Minami deu andamento ao pagamento por orienta\u00e7\u00e3o do Tribunal de Contas do Estado, para evitar rejei\u00e7\u00e3o da contabilidade do Legislativo em 2011. Quitou, mas n\u00e3o conferiu se a cobran\u00e7a era devida ou n\u00e3o, conforme resposta ao requerimento do mun\u00edcipe.<\/p>\n<p>&#8220;Fizemos a confer\u00eancia global e pagamos. A empresa n\u00e3o quer saber como foi usado o servi\u00e7o, quer receber. E, por orienta\u00e7\u00e3o do TCE, quitamos. Agora estamos levantando individualmente e por gabinete. S\u00e3o milhares de dados. N\u00e3o \u00e9 de um dia para o outro&#8221;, afirmou o tucano.<\/p>\n<p><em>Fonte: Di\u00e1rio do Grande ABC<\/em><\/p>\n\n<div style=\"font-size: 0px; height: 0px; line-height: 0px; margin: 0; padding: 0; clear: both;\"><\/div>","protected":false},"excerpt":{"rendered":"<p>A C\u00e2mara da cidade de S\u00e3o Bernardo pagou R$ 502 mil de conta telef\u00f4nica sem analisar se o valor era correto e sem separar os d\u00e9bitos de cada gabinete, o que apontaria qual vereador extrapolou &#8211; ou n\u00e3o &#8211; o uso dos aparelhos celulares e fixos. Essa \u00e9 a conclus\u00e3o do mun\u00edcipe Marcelo Sarti, que teve seu pedido de acesso \u00e0s contas respondido pelo presidente do Legislativo, Hiroyuki Minami (PSDB). No of\u00edcio enviado ao metal\u00fargico aposentado, o tucano informa que &#8220;n\u00e3o est\u00e3o, ainda, dispon\u00edveis os c\u00e1lculos acerca dos quantitativos de liga\u00e7\u00f5es telef\u00f4nicas individualizadas por unidade administrativa&#8221;. Minami pede mais 30 <\/p>\n","protected":false},"author":1,"featured_media":0,"comment_status":"open","ping_status":"closed","sticky":false,"template":"","format":"standard","meta":{"footnotes":""},"categories":[6],"tags":[14],"class_list":["post-585","post","type-post","status-publish","format-standard","hentry","category-noticias-em-sao-bernardo","tag-sao-bernardo"],"aioseo_notices":[],"_links":{"self":[{"href":"https:\/\/www.encontrasaobernardo.com.br\/sobre\/wp-json\/wp\/v2\/posts\/585","targetHints":{"allow":["GET"]}}],"collection":[{"href":"https:\/\/www.encontrasaobernardo.com.br\/sobre\/wp-json\/wp\/v2\/posts"}],"about":[{"href":"https:\/\/www.encontrasaobernardo.com.br\/sobre\/wp-json\/wp\/v2\/types\/post"}],"author":[{"embeddable":true,"href":"https:\/\/www.encontrasaobernardo.com.br\/sobre\/wp-json\/wp\/v2\/users\/1"}],"replies":[{"embeddable":true,"href":"https:\/\/www.encontrasaobernardo.com.br\/sobre\/wp-json\/wp\/v2\/comments?post=585"}],"version-history":[{"count":0,"href":"https:\/\/www.encontrasaobernardo.com.br\/sobre\/wp-json\/wp\/v2\/posts\/585\/revisions"}],"wp:attachment":[{"href":"https:\/\/www.encontrasaobernardo.com.br\/sobre\/wp-json\/wp\/v2\/media?parent=585"}],"wp:term":[{"taxonomy":"category","embeddable":true,"href":"https:\/\/www.encontrasaobernardo.com.br\/sobre\/wp-json\/wp\/v2\/categories?post=585"},{"taxonomy":"post_tag","embeddable":true,"href":"https:\/\/www.encontrasaobernardo.com.br\/sobre\/wp-json\/wp\/v2\/tags?post=585"}],"curies":[{"name":"wp","href":"https:\/\/api.w.org\/{rel}","templated":true}]}}