{"id":583,"date":"2011-12-01T15:19:42","date_gmt":"2011-12-01T18:19:42","guid":{"rendered":"http:\/\/www.encontrasaobernardo.com.br\/noticias\/?p=583"},"modified":"2019-04-12T16:43:03","modified_gmt":"2019-04-12T19:43:03","slug":"seminario-em-sao-bernardo-prepara-empresarios-da-regiao-para-negocios-criados-pela-exploracao-do-pre-sal","status":"publish","type":"post","link":"https:\/\/www.encontrasaobernardo.com.br\/sobre\/seminario-em-sao-bernardo-prepara-empresarios-da-regiao-para-negocios-criados-pela-exploracao-do-pre-sal\/","title":{"rendered":"Semin\u00e1rio em S\u00e3o Bernardo prepara empres\u00e1rios da regi\u00e3o para neg\u00f3cios criados pela explora\u00e7\u00e3o do pr\u00e9-sal"},"content":{"rendered":"<div class=\"b7a9cc72b38518383f4213f1240ff05a\" data-index=\"1\" style=\"float: none; margin:0px;\">\n<!-- Anuncio display - global -->\r\n<ins class=\"adsbygoogle\"\r\n     style=\"display:block\"\r\n     data-ad-client=\"ca-pub-8585364105181520\"\r\n     data-ad-slot=\"8789329856\"\r\n     data-ad-format=\"auto\"\r\n     data-full-width-responsive=\"true\"><\/ins>\r\n<script>\r\n     (adsbygoogle = window.adsbygoogle || []).push({});\r\n<\/script>\n<\/div>\n<p>A 2\u00aa edi\u00e7\u00e3o do Networking Empresarial Multissetorial da cidade de S\u00e3o Bernardo do Campo, realizada nesta quarta-feira (30\/11), no audit\u00f3rio da Cidade da Crian\u00e7a, reuniu mais de 190 profissionais, representantes de 175 empresas, para a troca de experi\u00eancias e contatos visando \u00e0s oportunidades de neg\u00f3cios geradas pela explora\u00e7\u00e3o do petr\u00f3leo e g\u00e1s natural na camada pr\u00e9-sal. E, por consequ\u00eancia, os investimentos que ser\u00e3o aplicados no ABC.<\/p>\n<p>O secret\u00e1rio municipal de Desenvolvimento Econ\u00f4mico, Trabalho e Turismo destacou a import\u00e2ncia do semin\u00e1rio e da prepara\u00e7\u00e3o dos empres\u00e1rios para participarem da Equipaindustria S\u00e3o Bernardo do Campo. A feira est\u00e1 programada para ser realizada em abril do ano que vem.<\/p>\n<p>&#8220;S\u00e3o Bernardo vive um bom momento com gera\u00e7\u00e3o de emprego e renda. Estamos cuidando do nosso parque industrial, visando mant\u00ea-lo e ampli\u00e1-lo. Portanto, eventos como o Equipaindustria que fomentam tecnologia e inova\u00e7\u00e3o s\u00e3o fundamentais para a cidade e para a inser\u00e7\u00e3o definitiva do ABC na cadeia produtiva de petr\u00f3leo e g\u00e1s&#8221;, disse.<\/p>\n<p>Participaram do encontro, organizado pelo Instituto de Tecnologia Aplicada \u00e0 Energia e Sustentabilidade Ambiental (Itaesa) em parceria com a Prefeitura, o gerente de Planejamento e Gest\u00e3o da Bacia de Santos da Petrobras, Victor Jos\u00e9 de Saboya Oliveira, o vice-diretor do Ciesp, Mauro Miaguti, o secret\u00e1rio-executivo do Cons\u00f3rcio Intermunicipal Grande ABC, Luis Paulo Bresciani, e o presidente da Acisbec e diretor-presidente da Ag\u00eancia de Desenvolvimento Econ\u00f4mico do Grande ABC, Valter Moura.<\/p>\n<p>&#8220;O Itaesa realiza este evento com a proposta de inserir o empresariado nos neg\u00f3cios do setor. S\u00e3o encontros entre empresas interessadas em fazer parte da cadeia produtiva de petr\u00f3leo, g\u00e1s e energia, para ampliar contatos comerciais no mercado que mais investe no Brasil&#8221;, afirma o presidente do instituto Pedro Thadeu Silva.<\/p>\n<p>O encontro recebe apoio do Cons\u00f3rcio Intermunicipal Grande ABC, Ag\u00eancia de Desenvolvimento Econ\u00f4mico do Grande ABC e Ciesp de S\u00e3o Bernardo. A pr\u00f3xima rodada ser\u00e1 no dia 15 de fevereiro de 2012.<\/p>\n<p><em>Fonte: Prefeitura de S\u00e3o Bernardo<\/em><\/p>\n\n<div style=\"font-size: 0px; height: 0px; line-height: 0px; margin: 0; padding: 0; clear: both;\"><\/div>","protected":false},"excerpt":{"rendered":"<p>A 2\u00aa edi\u00e7\u00e3o do Networking Empresarial Multissetorial da cidade de S\u00e3o Bernardo do Campo, realizada nesta quarta-feira (30\/11), no audit\u00f3rio da Cidade da Crian\u00e7a, reuniu mais de 190 profissionais, representantes de 175 empresas, para a troca de experi\u00eancias e contatos visando \u00e0s oportunidades de neg\u00f3cios geradas pela explora\u00e7\u00e3o do petr\u00f3leo e g\u00e1s natural na camada pr\u00e9-sal. E, por consequ\u00eancia, os investimentos que ser\u00e3o aplicados no ABC. O secret\u00e1rio municipal de Desenvolvimento Econ\u00f4mico, Trabalho e Turismo destacou a import\u00e2ncia do semin\u00e1rio e da prepara\u00e7\u00e3o dos empres\u00e1rios para participarem da Equipaindustria S\u00e3o Bernardo do Campo. A feira est\u00e1 programada para ser realizada <\/p>\n","protected":false},"author":1,"featured_media":0,"comment_status":"open","ping_status":"closed","sticky":false,"template":"","format":"standard","meta":{"footnotes":""},"categories":[6],"tags":[14],"class_list":["post-583","post","type-post","status-publish","format-standard","hentry","category-noticias-em-sao-bernardo","tag-sao-bernardo"],"aioseo_notices":[],"_links":{"self":[{"href":"https:\/\/www.encontrasaobernardo.com.br\/sobre\/wp-json\/wp\/v2\/posts\/583","targetHints":{"allow":["GET"]}}],"collection":[{"href":"https:\/\/www.encontrasaobernardo.com.br\/sobre\/wp-json\/wp\/v2\/posts"}],"about":[{"href":"https:\/\/www.encontrasaobernardo.com.br\/sobre\/wp-json\/wp\/v2\/types\/post"}],"author":[{"embeddable":true,"href":"https:\/\/www.encontrasaobernardo.com.br\/sobre\/wp-json\/wp\/v2\/users\/1"}],"replies":[{"embeddable":true,"href":"https:\/\/www.encontrasaobernardo.com.br\/sobre\/wp-json\/wp\/v2\/comments?post=583"}],"version-history":[{"count":0,"href":"https:\/\/www.encontrasaobernardo.com.br\/sobre\/wp-json\/wp\/v2\/posts\/583\/revisions"}],"wp:attachment":[{"href":"https:\/\/www.encontrasaobernardo.com.br\/sobre\/wp-json\/wp\/v2\/media?parent=583"}],"wp:term":[{"taxonomy":"category","embeddable":true,"href":"https:\/\/www.encontrasaobernardo.com.br\/sobre\/wp-json\/wp\/v2\/categories?post=583"},{"taxonomy":"post_tag","embeddable":true,"href":"https:\/\/www.encontrasaobernardo.com.br\/sobre\/wp-json\/wp\/v2\/tags?post=583"}],"curies":[{"name":"wp","href":"https:\/\/api.w.org\/{rel}","templated":true}]}}