{"id":578,"date":"2011-11-29T15:27:56","date_gmt":"2011-11-29T18:27:56","guid":{"rendered":"http:\/\/www.encontrasaobernardo.com.br\/noticias\/?p=578"},"modified":"2019-04-12T16:43:03","modified_gmt":"2019-04-12T19:43:03","slug":"sao-bernardo-deve-atrair-8-mil-pessoas-na-1%c2%aa-feira-do-emprego","status":"publish","type":"post","link":"https:\/\/www.encontrasaobernardo.com.br\/sobre\/sao-bernardo-deve-atrair-8-mil-pessoas-na-1%c2%aa-feira-do-emprego\/","title":{"rendered":"S\u00e3o Bernardo deve atrair 8 mil pessoas na 1\u00aa Feira do Emprego"},"content":{"rendered":"<div class=\"b7a9cc72b38518383f4213f1240ff05a\" data-index=\"1\" style=\"float: none; margin:0px;\">\n<!-- Anuncio display - global -->\r\n<ins class=\"adsbygoogle\"\r\n     style=\"display:block\"\r\n     data-ad-client=\"ca-pub-8585364105181520\"\r\n     data-ad-slot=\"8789329856\"\r\n     data-ad-format=\"auto\"\r\n     data-full-width-responsive=\"true\"><\/ins>\r\n<script>\r\n     (adsbygoogle = window.adsbygoogle || []).push({});\r\n<\/script>\n<\/div>\n<p>A cidade de S\u00e3o Bernardo do Campo promove mega-a\u00e7\u00e3o para a cria\u00e7\u00e3o de empregos. A Prefeitura realiza, no pr\u00f3ximo s\u00e1bado (3\/12), a 1\u00aa Feira de Emprego do munic\u00edpio, na sede da Central de Trabalho e Renda (CTR), no Centro.<\/p>\n<p>A feira, que pretende atrair 8 mil pessoas e tem como principal finalidade divulgar e fortalecer as a\u00e7\u00f5es da Administra\u00e7\u00e3o na cria\u00e7\u00e3o de trabalho e renda, \u00e9 uma parceria com o Sindicato das Empresas de Presta\u00e7\u00e3o de Servi\u00e7os a Terceiros, Coloca\u00e7\u00e3o e Administra\u00e7\u00e3o de M\u00e3o de Obra e de Trabalho Tempor\u00e1rio no Estado de S\u00e3o Paulo (Sindeprestem).<\/p>\n<p>Quem passar pela CTR poder\u00e1 participar de palestras, capacita\u00e7\u00e3o, cursos, concorrer a vagas de trabalho, receber orienta\u00e7\u00e3o para entrevistas, elaborar curr\u00edculo, medir a press\u00e3o arterial, receber orienta\u00e7\u00e3o sobre higiene, cuidados com os dentes, preven\u00e7\u00e3o de doen\u00e7as relacionadas \u00e0 sa\u00fade bucal e cortar o cabelo gratuitamente.<\/p>\n<p>Foram convidadas mais de 20 ag\u00eancias de emprego e entidades para participar do evento, como Servi\u00e7o Nacional de Aprendizagem Industrial (Senai), Servi\u00e7o de Apoio \u00e0s Micro e Pequenas Empresas de S\u00e3o Paulo (Sebrae), Centro de Integra\u00e7\u00e3o Empresa Escola (CIEE), Centro de Forma\u00e7\u00e3o e Integra\u00e7\u00e3o Social (CAMP), Centro de Forma\u00e7\u00e3o Profissional Padre Leo Comissari e Alpha Enfermagens, que ofertar\u00e3o seus servi\u00e7os e oportunidades de trabalho \u00e0 comunidade por meio das empresas de recursos humanos vinculadas ao Sindeprestem.<\/p>\n<p>\u00c9 importante que, neste dia, os visitantes levem seus curr\u00edculos profissionais e documentos como RG, CPF, PIS e Carteira de Trabalho para facilitar o atendimento.<\/p>\n<p>Segundo gerente da CTR, a a\u00e7\u00e3o visa identificar o perfil da m\u00e3o de obra da cidade, capacitando-a para atender as demandas dos setores industriais, comerciais e de servi\u00e7os localizados na regi\u00e3o do ABC.<\/p>\n<p>Al\u00e9m da Secretaria de Desenvolvimento Econ\u00f4mico, que levar\u00e1 ao espa\u00e7o servi\u00e7os como a Sala do Empreendedor e o Banco do Povo (regional de S\u00e3o Bernardo), a Secretaria de Educa\u00e7\u00e3o (Divis\u00e3o de Educa\u00e7\u00e3o Profissionalizante e de Jovens e Adultos) e a Secretaria de Sa\u00fade ir\u00e3o oferecer seus servi\u00e7os.<\/p>\n<p>O Sindeprestem j\u00e1 efetuou atividade similar em Suzano, Americana, Botucatu e Sorocaba com grande sucesso, totalizando mais de 19 mil candidatos em busca de emprego.<\/p>\n<p><strong>Servi\u00e7o<\/strong>\u00a0&#8211; A Central de Trabalho e Renda atualmente conta com 826 vagas dispon\u00edveis, das quais 78 s\u00e3o destinadas a pessoas com defici\u00eancia. A CRT fica na Rua Marechal Deodoro, 2.316, Centro. O hor\u00e1rio de atendimento \u00e9 das 8h \u00e0s 17h, de segunda a quinta-feira, e \u00e0s sextas-feiras, das 8h \u00e0s 15h (limite de 300 senhas). Mais informa\u00e7\u00f5es pelo telefone 4128-1230.<\/p>\n<p><em>Fonte: Prefeitura de S\u00e3o Bernardo<\/em><\/p>\n\n<div style=\"font-size: 0px; height: 0px; line-height: 0px; margin: 0; padding: 0; clear: both;\"><\/div>","protected":false},"excerpt":{"rendered":"<p>A cidade de S\u00e3o Bernardo do Campo promove mega-a\u00e7\u00e3o para a cria\u00e7\u00e3o de empregos. A Prefeitura realiza, no pr\u00f3ximo s\u00e1bado (3\/12), a 1\u00aa Feira de Emprego do munic\u00edpio, na sede da Central de Trabalho e Renda (CTR), no Centro. A feira, que pretende atrair 8 mil pessoas e tem como principal finalidade divulgar e fortalecer as a\u00e7\u00f5es da Administra\u00e7\u00e3o na cria\u00e7\u00e3o de trabalho e renda, \u00e9 uma parceria com o Sindicato das Empresas de Presta\u00e7\u00e3o de Servi\u00e7os a Terceiros, Coloca\u00e7\u00e3o e Administra\u00e7\u00e3o de M\u00e3o de Obra e de Trabalho Tempor\u00e1rio no Estado de S\u00e3o Paulo (Sindeprestem). Quem passar pela CTR <\/p>\n","protected":false},"author":1,"featured_media":0,"comment_status":"open","ping_status":"closed","sticky":false,"template":"","format":"standard","meta":{"footnotes":""},"categories":[4],"tags":[14],"class_list":["post-578","post","type-post","status-publish","format-standard","hentry","category-empregos-em-sao-bernardo","tag-sao-bernardo"],"aioseo_notices":[],"_links":{"self":[{"href":"https:\/\/www.encontrasaobernardo.com.br\/sobre\/wp-json\/wp\/v2\/posts\/578","targetHints":{"allow":["GET"]}}],"collection":[{"href":"https:\/\/www.encontrasaobernardo.com.br\/sobre\/wp-json\/wp\/v2\/posts"}],"about":[{"href":"https:\/\/www.encontrasaobernardo.com.br\/sobre\/wp-json\/wp\/v2\/types\/post"}],"author":[{"embeddable":true,"href":"https:\/\/www.encontrasaobernardo.com.br\/sobre\/wp-json\/wp\/v2\/users\/1"}],"replies":[{"embeddable":true,"href":"https:\/\/www.encontrasaobernardo.com.br\/sobre\/wp-json\/wp\/v2\/comments?post=578"}],"version-history":[{"count":0,"href":"https:\/\/www.encontrasaobernardo.com.br\/sobre\/wp-json\/wp\/v2\/posts\/578\/revisions"}],"wp:attachment":[{"href":"https:\/\/www.encontrasaobernardo.com.br\/sobre\/wp-json\/wp\/v2\/media?parent=578"}],"wp:term":[{"taxonomy":"category","embeddable":true,"href":"https:\/\/www.encontrasaobernardo.com.br\/sobre\/wp-json\/wp\/v2\/categories?post=578"},{"taxonomy":"post_tag","embeddable":true,"href":"https:\/\/www.encontrasaobernardo.com.br\/sobre\/wp-json\/wp\/v2\/tags?post=578"}],"curies":[{"name":"wp","href":"https:\/\/api.w.org\/{rel}","templated":true}]}}