{"id":560,"date":"2011-11-10T12:40:23","date_gmt":"2011-11-10T15:40:23","guid":{"rendered":"http:\/\/www.encontrasaobernardo.com.br\/noticias\/?p=560"},"modified":"2019-04-12T16:43:04","modified_gmt":"2019-04-12T19:43:04","slug":"camara-adia-votacao-do-plano-diretor-de-sao-bernardo","status":"publish","type":"post","link":"https:\/\/www.encontrasaobernardo.com.br\/sobre\/camara-adia-votacao-do-plano-diretor-de-sao-bernardo\/","title":{"rendered":"C\u00e2mara adia vota\u00e7\u00e3o do Plano Diretor de S\u00e3o Bernardo"},"content":{"rendered":"<div class=\"b7a9cc72b38518383f4213f1240ff05a\" data-index=\"1\" style=\"float: none; margin:0px;\">\n<!-- Anuncio display - global -->\r\n<ins class=\"adsbygoogle\"\r\n     style=\"display:block\"\r\n     data-ad-client=\"ca-pub-8585364105181520\"\r\n     data-ad-slot=\"8789329856\"\r\n     data-ad-format=\"auto\"\r\n     data-full-width-responsive=\"true\"><\/ins>\r\n<script>\r\n     (adsbygoogle = window.adsbygoogle || []).push({});\r\n<\/script>\n<\/div>\n<p>Pela segunda semana consecutiva, a C\u00e2mara da cidade de S\u00e3o Bernardo n\u00e3o votou o Plano Diretor formulado pela Prefeitura. O argumento da vez foi a inclus\u00e3o de \u00faltima hora de uma subemenda \u00e0s altera\u00e7\u00f5es feitas ao projeto na semana passada.<\/p>\n<p>O l\u00edder do governo na Casa, vereador Ant\u00f4nio Carlos da Silva, o Toninho da Lanchonete (PT), criticou a postura da oposi\u00e7\u00e3o ao travar novamente a vota\u00e7\u00e3o do texto. &#8220;Eles est\u00e3o enrolando para votar um projeto que est\u00e1 pronto, que n\u00e3o tem mais motivos para ser debatido.&#8221;<\/p>\n<p>Como forma de pressionar os vereadores a apreciarem a proposta, integrantes da Secretaria de Planejamento Urbano acompanharam a sess\u00e3o. &#8220;N\u00e3o vamos votar algo que vem com mudan\u00e7as de novo. Precisamos de tempo para acompanhar as altera\u00e7\u00f5es, n\u00e3o pode se passar o trator na vota\u00e7\u00e3o. Se n\u00e3o estamos votando, \u00e9 culpa do Executivo que altera o projeto&#8221;, disse o oposicionista Admir Ferro (PSDB).<\/p>\n<p>O novo adiamento evidencia a falta de harmonia entre os vereadores e a Prefeitura, gerenciada pelo prefeito Luiz Marinho (PT). A expectativa dos petistas \u00e9 que o texto seja aprovado na semana que vem.<\/p>\n<p><em>Fonte: Di\u00e1rio do Grande ABC<\/em><\/p>\n\n<div style=\"font-size: 0px; height: 0px; line-height: 0px; margin: 0; padding: 0; clear: both;\"><\/div>","protected":false},"excerpt":{"rendered":"<p>Pela segunda semana consecutiva, a C\u00e2mara da cidade de S\u00e3o Bernardo n\u00e3o votou o Plano Diretor formulado pela Prefeitura. O argumento da vez foi a inclus\u00e3o de \u00faltima hora de uma subemenda \u00e0s altera\u00e7\u00f5es feitas ao projeto na semana passada. O l\u00edder do governo na Casa, vereador Ant\u00f4nio Carlos da Silva, o Toninho da Lanchonete (PT), criticou a postura da oposi\u00e7\u00e3o ao travar novamente a vota\u00e7\u00e3o do texto. &#8220;Eles est\u00e3o enrolando para votar um projeto que est\u00e1 pronto, que n\u00e3o tem mais motivos para ser debatido.&#8221; Como forma de pressionar os vereadores a apreciarem a proposta, integrantes da Secretaria de <\/p>\n","protected":false},"author":1,"featured_media":0,"comment_status":"open","ping_status":"closed","sticky":false,"template":"","format":"standard","meta":{"footnotes":""},"categories":[6],"tags":[14],"class_list":["post-560","post","type-post","status-publish","format-standard","hentry","category-noticias-em-sao-bernardo","tag-sao-bernardo"],"aioseo_notices":[],"_links":{"self":[{"href":"https:\/\/www.encontrasaobernardo.com.br\/sobre\/wp-json\/wp\/v2\/posts\/560","targetHints":{"allow":["GET"]}}],"collection":[{"href":"https:\/\/www.encontrasaobernardo.com.br\/sobre\/wp-json\/wp\/v2\/posts"}],"about":[{"href":"https:\/\/www.encontrasaobernardo.com.br\/sobre\/wp-json\/wp\/v2\/types\/post"}],"author":[{"embeddable":true,"href":"https:\/\/www.encontrasaobernardo.com.br\/sobre\/wp-json\/wp\/v2\/users\/1"}],"replies":[{"embeddable":true,"href":"https:\/\/www.encontrasaobernardo.com.br\/sobre\/wp-json\/wp\/v2\/comments?post=560"}],"version-history":[{"count":0,"href":"https:\/\/www.encontrasaobernardo.com.br\/sobre\/wp-json\/wp\/v2\/posts\/560\/revisions"}],"wp:attachment":[{"href":"https:\/\/www.encontrasaobernardo.com.br\/sobre\/wp-json\/wp\/v2\/media?parent=560"}],"wp:term":[{"taxonomy":"category","embeddable":true,"href":"https:\/\/www.encontrasaobernardo.com.br\/sobre\/wp-json\/wp\/v2\/categories?post=560"},{"taxonomy":"post_tag","embeddable":true,"href":"https:\/\/www.encontrasaobernardo.com.br\/sobre\/wp-json\/wp\/v2\/tags?post=560"}],"curies":[{"name":"wp","href":"https:\/\/api.w.org\/{rel}","templated":true}]}}