{"id":551,"date":"2011-11-03T13:17:17","date_gmt":"2011-11-03T16:17:17","guid":{"rendered":"http:\/\/www.encontrasaobernardo.com.br\/noticias\/?p=551"},"modified":"2019-04-12T16:43:05","modified_gmt":"2019-04-12T19:43:05","slug":"camara-de-sao-bernardo-vota-plano-diretor-nesta-quinta","status":"publish","type":"post","link":"https:\/\/www.encontrasaobernardo.com.br\/sobre\/camara-de-sao-bernardo-vota-plano-diretor-nesta-quinta\/","title":{"rendered":"C\u00e2mara de S\u00e3o Bernardo vota Plano Diretor nesta quinta"},"content":{"rendered":"<div class=\"b7a9cc72b38518383f4213f1240ff05a\" data-index=\"1\" style=\"float: none; margin:0px;\">\n<!-- Anuncio display - global -->\r\n<ins class=\"adsbygoogle\"\r\n     style=\"display:block\"\r\n     data-ad-client=\"ca-pub-8585364105181520\"\r\n     data-ad-slot=\"8789329856\"\r\n     data-ad-format=\"auto\"\r\n     data-full-width-responsive=\"true\"><\/ins>\r\n<script>\r\n     (adsbygoogle = window.adsbygoogle || []).push({});\r\n<\/script>\n<\/div>\n<p>Projeto do Plano Diretor da cidade de S\u00e3o Bernardo \u00e9 pauta obrigat\u00f3ria na sess\u00e3o de hoje da C\u00e2mara &#8211; corriqueiramente \u00e9 realizada toda quarta-feira, mas foi transferida devido ao feriado do Dia de Finados. O prefeito Luiz Marinho (PT) sofreu press\u00e3o de empreiteiros para adiar a vota\u00e7\u00e3o da mat\u00e9ria e continuar o debate, mas o petista n\u00e3o cedeu e manteve a pe\u00e7a em tramita\u00e7\u00e3o no Legislativo.<\/p>\n<p>Uma das principais caracter\u00edsticas do plano formulado pela gest\u00e3o petista \u00e9 coibir o desenvolvimento de zonas mistas, com presen\u00e7as tanto de com\u00e9rcios e ind\u00fastrias como de resid\u00eancias. Essas \u00e1reas continuar\u00e3o existindo, mas a expans\u00e3o ser\u00e1 dificultada.<\/p>\n<p>Isso porque haver\u00e1 separa\u00e7\u00e3o mais espec\u00edfica para setores industriais. Ser\u00e3o separados aproximadamente 7 milh\u00f5es de metros quadrados para essa atividade. Os principais bairros que concentram esses espa\u00e7os s\u00e3o Cooperativa, dos Casa e Demarchi, mais pr\u00f3ximos ao Trecho Sul do Rodoanel e distantes da Represa Billings, para adequa\u00e7\u00e3o \u00e0s leis ambientais.<\/p>\n<p>O Plano Diretor contempla 2,2 milh\u00f5es de metros quadrados para resid\u00eancias, equivalente a dois ter\u00e7os de \u00e1rea vazia necess\u00e1ria para zerar o deficit de 38 mil unidades habitacionais da cidade.<\/p>\n<p>Com as novas regras, v\u00e1lidas por dez anos, o governo Marinho objetiva ainda reduzir a ocupa\u00e7\u00e3o no Centro e em espa\u00e7os com alta densidade habitacional, como nos bairros Ferraz\u00f3polis, Baeta Neves, Rudge Ramos, Paulic\u00e9ia e Tabo\u00e3o. Para tanto, limitar\u00e1 a verticaliza\u00e7\u00e3o, com pagamento de outorga onerosa a empreendimentos que ultrapassarem os \u00edndices estipulados para investir na infraestrutura ao redor do edif\u00edcio, al\u00e9m de aplicar IPTU progressivo a construtoras que desrespeitarem os entraves do projeto.<\/p>\n<p>O plano deve ser aprovado com tranquilidade. O governo j\u00e1 contabiliza 14 votos: seis dos petistas, tr\u00eas dos democratas, um do PTB, al\u00e9m dos ex-oposicionistas Ary de Oliveira (PSB), S\u00e9rgio Demarchi (PSB), Tunico Vieira (PMDB) e Gilberto Fran\u00e7a (PMDB).<\/p>\n<p>&#8220;Est\u00e1 redondo para ser votado. Fizemos diversas audi\u00eancias p\u00fablicas, explicamos para a popula\u00e7\u00e3o e tamb\u00e9m para os vereadores. Houve alguns questionamentos, principalmente do setor imobili\u00e1rio, que nunca contribuiu para as constru\u00e7\u00f5es de moradias populares para a cidade. N\u00e3o podem cobrar agora&#8221;, analisou Ti\u00e3o Mateus (PT). &#8220;Foi bem constru\u00eddo, sem margem de manobra para favorecer algu\u00e9m. Ser\u00e1 voltado para a classe de baixa renda e come\u00e7aremos a projetar a redu\u00e7\u00e3o do deficit imobili\u00e1rio na cidade&#8221;, completou Jos\u00e9 Ferreira (PT).<\/p>\n<p><strong>OR\u00c7AMENTO<\/strong><\/p>\n<p>O Or\u00e7amento 2012 tamb\u00e9m est\u00e1 em tramita\u00e7\u00e3o na C\u00e2mara, mas deve ser votado somente em dezembro. Entre os dias 17 e 29 o Legislativo far\u00e1 audi\u00eancias p\u00fablicas para debater os investimentos a serem feitos no ano que vem. A popula\u00e7\u00e3o poder\u00e1 dar sugest\u00f5es de melhorias, mas n\u00e3o h\u00e1 garantia de incorpora\u00e7\u00e3o ao Or\u00e7amento. As datas e locais s\u00e3o: Paulic\u00e9ia\/Tabo\u00e3o (dia 17), Vila S\u00e3o Pedro\/Montanh\u00e3o (18), Assun\u00e7\u00e3o\/Demarchi (22), Riacho Grande (25), Grande Alvarenga (26) e Centro (29).<\/p>\n<p><em>Fonte: Di\u00e1rio do Grande ABC<\/em><\/p>\n\n<div style=\"font-size: 0px; height: 0px; line-height: 0px; margin: 0; padding: 0; clear: both;\"><\/div>","protected":false},"excerpt":{"rendered":"<p>Projeto do Plano Diretor da cidade de S\u00e3o Bernardo \u00e9 pauta obrigat\u00f3ria na sess\u00e3o de hoje da C\u00e2mara &#8211; corriqueiramente \u00e9 realizada toda quarta-feira, mas foi transferida devido ao feriado do Dia de Finados. O prefeito Luiz Marinho (PT) sofreu press\u00e3o de empreiteiros para adiar a vota\u00e7\u00e3o da mat\u00e9ria e continuar o debate, mas o petista n\u00e3o cedeu e manteve a pe\u00e7a em tramita\u00e7\u00e3o no Legislativo. Uma das principais caracter\u00edsticas do plano formulado pela gest\u00e3o petista \u00e9 coibir o desenvolvimento de zonas mistas, com presen\u00e7as tanto de com\u00e9rcios e ind\u00fastrias como de resid\u00eancias. Essas \u00e1reas continuar\u00e3o existindo, mas a expans\u00e3o <\/p>\n","protected":false},"author":1,"featured_media":0,"comment_status":"open","ping_status":"closed","sticky":false,"template":"","format":"standard","meta":{"footnotes":""},"categories":[6],"tags":[14],"class_list":["post-551","post","type-post","status-publish","format-standard","hentry","category-noticias-em-sao-bernardo","tag-sao-bernardo"],"aioseo_notices":[],"_links":{"self":[{"href":"https:\/\/www.encontrasaobernardo.com.br\/sobre\/wp-json\/wp\/v2\/posts\/551","targetHints":{"allow":["GET"]}}],"collection":[{"href":"https:\/\/www.encontrasaobernardo.com.br\/sobre\/wp-json\/wp\/v2\/posts"}],"about":[{"href":"https:\/\/www.encontrasaobernardo.com.br\/sobre\/wp-json\/wp\/v2\/types\/post"}],"author":[{"embeddable":true,"href":"https:\/\/www.encontrasaobernardo.com.br\/sobre\/wp-json\/wp\/v2\/users\/1"}],"replies":[{"embeddable":true,"href":"https:\/\/www.encontrasaobernardo.com.br\/sobre\/wp-json\/wp\/v2\/comments?post=551"}],"version-history":[{"count":0,"href":"https:\/\/www.encontrasaobernardo.com.br\/sobre\/wp-json\/wp\/v2\/posts\/551\/revisions"}],"wp:attachment":[{"href":"https:\/\/www.encontrasaobernardo.com.br\/sobre\/wp-json\/wp\/v2\/media?parent=551"}],"wp:term":[{"taxonomy":"category","embeddable":true,"href":"https:\/\/www.encontrasaobernardo.com.br\/sobre\/wp-json\/wp\/v2\/categories?post=551"},{"taxonomy":"post_tag","embeddable":true,"href":"https:\/\/www.encontrasaobernardo.com.br\/sobre\/wp-json\/wp\/v2\/tags?post=551"}],"curies":[{"name":"wp","href":"https:\/\/api.w.org\/{rel}","templated":true}]}}