{"id":544,"date":"2011-11-01T15:29:59","date_gmt":"2011-11-01T18:29:59","guid":{"rendered":"http:\/\/www.encontrasaobernardo.com.br\/noticias\/?p=544"},"modified":"2019-04-12T16:43:05","modified_gmt":"2019-04-12T19:43:05","slug":"lula-deixa-o-hospital-e-segue-para-sao-bernardo-do-campo","status":"publish","type":"post","link":"https:\/\/www.encontrasaobernardo.com.br\/sobre\/lula-deixa-o-hospital-e-segue-para-sao-bernardo-do-campo\/","title":{"rendered":"Lula deixa o hospital e segue para S\u00e3o Bernardo do Campo"},"content":{"rendered":"<div class=\"b7a9cc72b38518383f4213f1240ff05a\" data-index=\"1\" style=\"float: none; margin:0px;\">\n<!-- Anuncio display - global -->\r\n<ins class=\"adsbygoogle\"\r\n     style=\"display:block\"\r\n     data-ad-client=\"ca-pub-8585364105181520\"\r\n     data-ad-slot=\"8789329856\"\r\n     data-ad-format=\"auto\"\r\n     data-full-width-responsive=\"true\"><\/ins>\r\n<script>\r\n     (adsbygoogle = window.adsbygoogle || []).push({});\r\n<\/script>\n<\/div>\n<p>O ex-presidente Luiz In\u00e1cio Lula da Silva deixou \u00e0s 15h34 desta ter\u00e7a-feira o Hospital S\u00edrio-Liban\u00eas, na regi\u00e3o central de S\u00e3o Paulo, ap\u00f3s um dia internado para sua primeira sess\u00e3o de quimioterapia. Ele segue, acompanhado pela mulher, Marisa Let\u00edcia, para casa, em guia S\u00e3o Bernardo do Campo, onde ficar\u00e1 em repouso. No s\u00e1bado, Lula foi diagnosticado com c\u00e2ncer na laringe. O tratamento deve se estender at\u00e9 fevereiro. De acordo com o m\u00e9dico do ex-presidente, Roberto Kalil Filho, Lula n\u00e3o apresentou, por enquanto, efeitos colaterais da quimioterapia. &#8220;Ele n\u00e3o enjoou nada e est\u00e1 muito tranquilo&#8221;, disse Kalil Filho.<\/p>\n<div>Pela manh\u00e3, Lula foi submetido a um exame que acompanha o funcionamento dos \u00f3rg\u00e3os do corpo e analisa a possibilidade de haver outros tumores al\u00e9m do detectado na laringe no \u00faltimo s\u00e1bado. De acordo com o cirurgi\u00e3o gastroenterologista Raul Cutait, por\u00e9m, o procedimento foi feito apenas para observar o quadro cl\u00ednico de Lula ap\u00f3s sua primeira sess\u00e3o de quimioterapia. \u201cNo caso dele j\u00e1 se sabe que n\u00e3o h\u00e1 outros tumores\u201d, comentou. Kalil Filho disse que o exame n\u00e3o identificou qualquer anormalidade.<\/div>\n<div><\/div>\n<div><strong>Tratamento &#8211; <\/strong>Na tarde de segunda-feira, Lula passou por uma cirurgia para a inser\u00e7\u00e3o de um cateter sob a pele do lado direito do peito por meio do qual os medicamentos da quimioterapia s\u00e3o injetados na corrente sangu\u00ednea. As subst\u00e2ncias s\u00e3o inclu\u00eddas por uma agulha acoplada a uma bomba de infus\u00e3o que ser\u00e1 retirada cinco dias ap\u00f3s a opera\u00e7\u00e3o. O ex-presidente n\u00e3o precisar\u00e1 voltar ao hospital para retirar a agulha. Far\u00e1 o procedimento em casa mesmo.<\/div>\n<div><\/div>\n<div>Na noite de segunda, a presidente Dilma Rousseff tamb\u00e9m o visitou. &#8220;Ele estava mais interessado em discutir o desempenho dos pa\u00edses da zona do euro&#8221;, declarou a presidente. &#8220;Lula tem um organismo muito forte. Ele \u00e9 um guerreiro e enfrentar\u00e1 muito bem mais esse desafio. Tenho certeza que no ano que vem todos n\u00f3s vamos ver ele participando do desfile da Gavi\u00f5es da Fiel&#8221;, disse Dilma, referindo-se \u00e0 homenagem que a escola de samba paulista prestar\u00e1 ao ex-presidente no pr\u00f3ximo carnaval.<\/div>\n<div><\/div>\n<div>Lula ser\u00e1 submetido \u00e0 segunda sess\u00e3o de quimioterapia no final de novembro e \u00e0 terceira em dezembro. Na segunda quinzena de janeiro ser\u00e1 iniciado o tratamento de radioterapia, com previs\u00e3o para terminar no fim de fevereiro.<\/div>\n<p><em>Fonte: Veja.com<\/em><\/p>\n\n<div style=\"font-size: 0px; height: 0px; line-height: 0px; margin: 0; padding: 0; clear: both;\"><\/div>","protected":false},"excerpt":{"rendered":"<p>O ex-presidente Luiz In\u00e1cio Lula da Silva deixou \u00e0s 15h34 desta ter\u00e7a-feira o Hospital S\u00edrio-Liban\u00eas, na regi\u00e3o central de S\u00e3o Paulo, ap\u00f3s um dia internado para sua primeira sess\u00e3o de quimioterapia. Ele segue, acompanhado pela mulher, Marisa Let\u00edcia, para casa, em guia S\u00e3o Bernardo do Campo, onde ficar\u00e1 em repouso. No s\u00e1bado, Lula foi diagnosticado com c\u00e2ncer na laringe. O tratamento deve se estender at\u00e9 fevereiro. De acordo com o m\u00e9dico do ex-presidente, Roberto Kalil Filho, Lula n\u00e3o apresentou, por enquanto, efeitos colaterais da quimioterapia. &#8220;Ele n\u00e3o enjoou nada e est\u00e1 muito tranquilo&#8221;, disse Kalil Filho. Pela manh\u00e3, Lula foi <\/p>\n","protected":false},"author":1,"featured_media":0,"comment_status":"open","ping_status":"closed","sticky":false,"template":"","format":"standard","meta":{"footnotes":""},"categories":[6],"tags":[14],"class_list":["post-544","post","type-post","status-publish","format-standard","hentry","category-noticias-em-sao-bernardo","tag-sao-bernardo"],"aioseo_notices":[],"_links":{"self":[{"href":"https:\/\/www.encontrasaobernardo.com.br\/sobre\/wp-json\/wp\/v2\/posts\/544","targetHints":{"allow":["GET"]}}],"collection":[{"href":"https:\/\/www.encontrasaobernardo.com.br\/sobre\/wp-json\/wp\/v2\/posts"}],"about":[{"href":"https:\/\/www.encontrasaobernardo.com.br\/sobre\/wp-json\/wp\/v2\/types\/post"}],"author":[{"embeddable":true,"href":"https:\/\/www.encontrasaobernardo.com.br\/sobre\/wp-json\/wp\/v2\/users\/1"}],"replies":[{"embeddable":true,"href":"https:\/\/www.encontrasaobernardo.com.br\/sobre\/wp-json\/wp\/v2\/comments?post=544"}],"version-history":[{"count":0,"href":"https:\/\/www.encontrasaobernardo.com.br\/sobre\/wp-json\/wp\/v2\/posts\/544\/revisions"}],"wp:attachment":[{"href":"https:\/\/www.encontrasaobernardo.com.br\/sobre\/wp-json\/wp\/v2\/media?parent=544"}],"wp:term":[{"taxonomy":"category","embeddable":true,"href":"https:\/\/www.encontrasaobernardo.com.br\/sobre\/wp-json\/wp\/v2\/categories?post=544"},{"taxonomy":"post_tag","embeddable":true,"href":"https:\/\/www.encontrasaobernardo.com.br\/sobre\/wp-json\/wp\/v2\/tags?post=544"}],"curies":[{"name":"wp","href":"https:\/\/api.w.org\/{rel}","templated":true}]}}