{"id":530,"date":"2011-10-20T15:29:58","date_gmt":"2011-10-20T18:29:58","guid":{"rendered":"http:\/\/www.encontrasaobernardo.com.br\/noticias\/?p=530"},"modified":"2019-04-12T16:43:06","modified_gmt":"2019-04-12T19:43:06","slug":"plano-de-meio-ambiente-de-sao-bernardo-gera-polemica","status":"publish","type":"post","link":"https:\/\/www.encontrasaobernardo.com.br\/sobre\/plano-de-meio-ambiente-de-sao-bernardo-gera-polemica\/","title":{"rendered":"Plano de Meio Ambiente de S\u00e3o Bernardo gera pol\u00eamica"},"content":{"rendered":"<div class=\"b7a9cc72b38518383f4213f1240ff05a\" data-index=\"1\" style=\"float: none; margin:0px;\">\n<!-- Anuncio display - global -->\r\n<ins class=\"adsbygoogle\"\r\n     style=\"display:block\"\r\n     data-ad-client=\"ca-pub-8585364105181520\"\r\n     data-ad-slot=\"8789329856\"\r\n     data-ad-format=\"auto\"\r\n     data-full-width-responsive=\"true\"><\/ins>\r\n<script>\r\n     (adsbygoogle = window.adsbygoogle || []).push({});\r\n<\/script>\n<\/div>\n<p>O projeto de lei que institui a Pol\u00edtica Municipal do Meio Ambiente centralizou os debates na sess\u00e3o de ontem na C\u00e2mara de S\u00e3o Bernardo. O texto, que prev\u00ea regulamenta\u00e7\u00e3o de atividades ambientais, foi considerado gen\u00e9rico pelos parlamentares e recebeu parecer negativo da Comiss\u00e3o de Justi\u00e7a e Reda\u00e7\u00e3o, presidida pelo oposicionista Admir Ferro (PSDB).<\/p>\n<p>Sem n\u00fameros e metas concretas a serem alcan\u00e7ados, a proposta da Prefeitura \u00e9 estipular crescimento da \u00e1rea verde de guia de S\u00e3o Bernardo e puni\u00e7\u00f5es a infratores, estimular desenvolvimento sustent\u00e1vel e educa\u00e7\u00e3o ambiental nas escolas da cidade, al\u00e9m de garantir a qualidade da \u00e1gua e preserva\u00e7\u00e3o da Bacia da Billings.<\/p>\n<p>Ferro criticou a mat\u00e9ria por falta de consist\u00eancia de resultados. Para o tucano, a reda\u00e7\u00e3o da pol\u00edtica est\u00e1 gen\u00e9rica e oferece ao prefeito Luiz Marinho (PT) a capacidade de legislar com rela\u00e7\u00e3o ao Meio Ambiente por meio de decretos. &#8220;\u00c9 um cheque em branco. O projeto precisa ser espec\u00edfico.&#8221;<\/p>\n<p>Para o parlamentar, o texto \u00e9 inconstitucional por n\u00e3o haver conselho destinado ao meio ambiente. Na cidade, h\u00e1 o Conselho da Cidade e do Meio Ambiente, citado no projeto de lei.<\/p>\n<p>Presidente da Comiss\u00e3o de Meio Ambiente na Casa, o vereador Tunico Vieira (PMDB) reconheceu que o projeto \u00e9 subjetivo, mas disse que a inten\u00e7\u00e3o da mat\u00e9ria \u00e9 criar diretrizes de pol\u00edtica ambiental e que servir\u00e3o de refer\u00eancia para outras leis mais espec\u00edficas. &#8220;A legisla\u00e7\u00e3o pertinente a cada \u00e1rea vir\u00e1 depois. Outras legisla\u00e7\u00f5es e normaliza\u00e7\u00f5es ir\u00e3o dar vida \u00e0 lei.&#8221;<\/p>\n<p>O secret\u00e1rio de Gest\u00e3o Ambiental, Giba Marson (PTB), rebateu as acusa\u00e7\u00f5es da oposi\u00e7\u00e3o e afirmou que a pol\u00edtica municipal n\u00e3o \u00e9 subjetiva. &#8220;Toda a pol\u00edtica foi feita com base em legisla\u00e7\u00f5es federais e estaduais. Se est\u00e1 inconstitucional, ent\u00e3o a Constitui\u00e7\u00e3o Federal \u00e9 inconstitucional&#8221;, ironizou.<\/p>\n<p>Marson destacou que a mat\u00e9ria traz para a Prefeitura a capacidade de analisar licen\u00e7as ambientais de pequeno porte, agilizando o processo de emiss\u00e3o de documentos e at\u00e9 aumentando o poder de fiscaliza\u00e7\u00e3o das atividades exercidas no munic\u00edpio.<\/p>\n<p>O projeto n\u00e3o foi aprovado pela C\u00e2mara por falta de parecer da Comiss\u00e3o de Fiscaliza\u00e7\u00e3o de Contratos e Conv\u00eanios, presidida por Marcelo Lima (PPS). Ele afirmou que ir\u00e1 analisar melhor o plano ap\u00f3s a justificativa de Ferro. &#8220;Os argumentos do Admir s\u00e3o s\u00f3lidos e merecem ser observados atentamente&#8221;.<\/p>\n<p><em>Fonte: Di\u00e1rio do Grande ABC<\/em><\/p>\n\n<div style=\"font-size: 0px; height: 0px; line-height: 0px; margin: 0; padding: 0; clear: both;\"><\/div>","protected":false},"excerpt":{"rendered":"<p>O projeto de lei que institui a Pol\u00edtica Municipal do Meio Ambiente centralizou os debates na sess\u00e3o de ontem na C\u00e2mara de S\u00e3o Bernardo. O texto, que prev\u00ea regulamenta\u00e7\u00e3o de atividades ambientais, foi considerado gen\u00e9rico pelos parlamentares e recebeu parecer negativo da Comiss\u00e3o de Justi\u00e7a e Reda\u00e7\u00e3o, presidida pelo oposicionista Admir Ferro (PSDB). Sem n\u00fameros e metas concretas a serem alcan\u00e7ados, a proposta da Prefeitura \u00e9 estipular crescimento da \u00e1rea verde de guia de S\u00e3o Bernardo e puni\u00e7\u00f5es a infratores, estimular desenvolvimento sustent\u00e1vel e educa\u00e7\u00e3o ambiental nas escolas da cidade, al\u00e9m de garantir a qualidade da \u00e1gua e preserva\u00e7\u00e3o da <\/p>\n","protected":false},"author":1,"featured_media":0,"comment_status":"open","ping_status":"closed","sticky":false,"template":"","format":"standard","meta":{"footnotes":""},"categories":[6],"tags":[14],"class_list":["post-530","post","type-post","status-publish","format-standard","hentry","category-noticias-em-sao-bernardo","tag-sao-bernardo"],"aioseo_notices":[],"_links":{"self":[{"href":"https:\/\/www.encontrasaobernardo.com.br\/sobre\/wp-json\/wp\/v2\/posts\/530","targetHints":{"allow":["GET"]}}],"collection":[{"href":"https:\/\/www.encontrasaobernardo.com.br\/sobre\/wp-json\/wp\/v2\/posts"}],"about":[{"href":"https:\/\/www.encontrasaobernardo.com.br\/sobre\/wp-json\/wp\/v2\/types\/post"}],"author":[{"embeddable":true,"href":"https:\/\/www.encontrasaobernardo.com.br\/sobre\/wp-json\/wp\/v2\/users\/1"}],"replies":[{"embeddable":true,"href":"https:\/\/www.encontrasaobernardo.com.br\/sobre\/wp-json\/wp\/v2\/comments?post=530"}],"version-history":[{"count":0,"href":"https:\/\/www.encontrasaobernardo.com.br\/sobre\/wp-json\/wp\/v2\/posts\/530\/revisions"}],"wp:attachment":[{"href":"https:\/\/www.encontrasaobernardo.com.br\/sobre\/wp-json\/wp\/v2\/media?parent=530"}],"wp:term":[{"taxonomy":"category","embeddable":true,"href":"https:\/\/www.encontrasaobernardo.com.br\/sobre\/wp-json\/wp\/v2\/categories?post=530"},{"taxonomy":"post_tag","embeddable":true,"href":"https:\/\/www.encontrasaobernardo.com.br\/sobre\/wp-json\/wp\/v2\/tags?post=530"}],"curies":[{"name":"wp","href":"https:\/\/api.w.org\/{rel}","templated":true}]}}