{"id":525,"date":"2011-10-18T15:43:10","date_gmt":"2011-10-18T18:43:10","guid":{"rendered":"http:\/\/www.encontrasaobernardo.com.br\/noticias\/?p=525"},"modified":"2019-04-12T16:43:07","modified_gmt":"2019-04-12T19:43:07","slug":"operacao-pancadao-da-pm-chega-a-sao-bernardo","status":"publish","type":"post","link":"https:\/\/www.encontrasaobernardo.com.br\/sobre\/operacao-pancadao-da-pm-chega-a-sao-bernardo\/","title":{"rendered":"Opera\u00e7\u00e3o Pancad\u00e3o da PM chega a S\u00e3o Bernardo"},"content":{"rendered":"<div class=\"b7a9cc72b38518383f4213f1240ff05a\" data-index=\"1\" style=\"float: none; margin:0px;\">\n<!-- Anuncio display - global -->\r\n<ins class=\"adsbygoogle\"\r\n     style=\"display:block\"\r\n     data-ad-client=\"ca-pub-8585364105181520\"\r\n     data-ad-slot=\"8789329856\"\r\n     data-ad-format=\"auto\"\r\n     data-full-width-responsive=\"true\"><\/ins>\r\n<script>\r\n     (adsbygoogle = window.adsbygoogle || []).push({});\r\n<\/script>\n<\/div>\n<p>O comando da Pol\u00edcia Militar do Grande ABC prepara esquema especial para coibir a realiza\u00e7\u00e3o de bailes funk em vias p\u00fablicas da cidade S\u00e3o Bernardo. Os locais mapeados ainda n\u00e3o foram especificados pela corpora\u00e7\u00e3o. A informa\u00e7\u00e3o foi confirmada neste domingo pelo coronel Roberval Ferreira Fran\u00e7a, comandante do Comando de Policiamento de \u00c1rea Metropolitano, respons\u00e1vel pelas sete\u00a0cidades da regi\u00e3o. O patrulhamento na cidade come\u00e7ar\u00e1 na sexta-feira \u00e0 noite.<\/p>\n<p>O pancad\u00e3o, que \u00e9 festa conhecida em Diadema e nas zonas Sul, Leste e Norte da Capital, tamb\u00e9m acontece empontos de Santo Andr\u00e9 e est\u00e1 na programa\u00e7\u00e3o da pol\u00edcia para entrar na lista de fiscaliza\u00e7\u00e3o.<\/p>\n<p>Anteontem \u00e0 tarde, efetivo de 49 policiais do 24\u00ba Batalh\u00e3o, com apoio da For\u00e7a T\u00e1tica e da Ronda Ostensiva Com Apoio de Motocicletas, percorreu cinco endere\u00e7os de Diadema a fim de evitar a realiza\u00e7\u00e3o de bailes funk, que nos \u00faltimos meses perturbaram o sossego de moradores vizinhos por causa do som alto e do aglomerado de pessoas.<\/p>\n<p>Desta vez a ronda foi feita na favela da Coca, no bairro Nova Conquista, no Jardim Arco \u00cdris, bairro Campan\u00e1rio, Eldorado e\u00a0Parque Real. Nas festas, que chegam a reunir at\u00e9 1.500 pessoas, ruas s\u00e3o bloqueadas, h\u00e1 tr\u00e1fico de entorpecentes e consumo exagerado de bebida alco\u00f3lica entre jovens e menores de idade.<\/p>\n<p>Com a chegada da pol\u00edcia nos pontos determinados, viaturas e bases comunit\u00e1rias m\u00f3veis s\u00e3o posicionadas e fazem vigil\u00e2ncia nas sextas, s\u00e1bados e domingos. Quando \u00e9 verificado ru\u00eddo excessivo em sons de carros, o dono \u00e9 autuado. O mesmo acontece em com\u00e9rcios, mas essa fiscaliza\u00e7\u00e3o \u00e9 ratificada pela Secretaria de\u00a0Meio Ambiente. &#8220;Conforme h\u00e1 necessidade, ficamos todos juntos. O \u00eaxito \u00e9 garantido, pois antecipamos a realiza\u00e7\u00e3o dos bailes. Reconhecemos que o cidad\u00e3o que trabalha toda semana precisa descansar &#8220;, explicou o tenente Jaife Kercher Nobre, que comandou a opera\u00e7\u00e3o. Segundo ele, a presen\u00e7a dos policiais nas ruas tamb\u00e9m ajudou a diminuir \u00edndices criminais em \u00e1reas vulner\u00e1veis.<\/p>\n<p>Para vizinhos dessas regi\u00f5es, a redu\u00e7\u00e3o das festas \u00e9 sin\u00f4nimo de tranquilidade. &#8220;A maioria \u00e9 contra. Antes o pessoal estava sempre por aqui. Agora est\u00e1 uma maravilha para trabalhar e todos podem dormir cedo&#8221;, observou o propriet\u00e1rio de um bar no bairro Campan\u00e1rio.<\/p>\n<p><em>Fonte: Di\u00e1rio do Grande ABC<\/em><\/p>\n\n<div style=\"font-size: 0px; height: 0px; line-height: 0px; margin: 0; padding: 0; clear: both;\"><\/div>","protected":false},"excerpt":{"rendered":"<p>O comando da Pol\u00edcia Militar do Grande ABC prepara esquema especial para coibir a realiza\u00e7\u00e3o de bailes funk em vias p\u00fablicas da cidade S\u00e3o Bernardo. Os locais mapeados ainda n\u00e3o foram especificados pela corpora\u00e7\u00e3o. A informa\u00e7\u00e3o foi confirmada neste domingo pelo coronel Roberval Ferreira Fran\u00e7a, comandante do Comando de Policiamento de \u00c1rea Metropolitano, respons\u00e1vel pelas sete\u00a0cidades da regi\u00e3o. O patrulhamento na cidade come\u00e7ar\u00e1 na sexta-feira \u00e0 noite. O pancad\u00e3o, que \u00e9 festa conhecida em Diadema e nas zonas Sul, Leste e Norte da Capital, tamb\u00e9m acontece empontos de Santo Andr\u00e9 e est\u00e1 na programa\u00e7\u00e3o da pol\u00edcia para entrar na lista <\/p>\n","protected":false},"author":1,"featured_media":0,"comment_status":"open","ping_status":"closed","sticky":false,"template":"","format":"standard","meta":{"footnotes":""},"categories":[6],"tags":[14],"class_list":["post-525","post","type-post","status-publish","format-standard","hentry","category-noticias-em-sao-bernardo","tag-sao-bernardo"],"aioseo_notices":[],"_links":{"self":[{"href":"https:\/\/www.encontrasaobernardo.com.br\/sobre\/wp-json\/wp\/v2\/posts\/525","targetHints":{"allow":["GET"]}}],"collection":[{"href":"https:\/\/www.encontrasaobernardo.com.br\/sobre\/wp-json\/wp\/v2\/posts"}],"about":[{"href":"https:\/\/www.encontrasaobernardo.com.br\/sobre\/wp-json\/wp\/v2\/types\/post"}],"author":[{"embeddable":true,"href":"https:\/\/www.encontrasaobernardo.com.br\/sobre\/wp-json\/wp\/v2\/users\/1"}],"replies":[{"embeddable":true,"href":"https:\/\/www.encontrasaobernardo.com.br\/sobre\/wp-json\/wp\/v2\/comments?post=525"}],"version-history":[{"count":0,"href":"https:\/\/www.encontrasaobernardo.com.br\/sobre\/wp-json\/wp\/v2\/posts\/525\/revisions"}],"wp:attachment":[{"href":"https:\/\/www.encontrasaobernardo.com.br\/sobre\/wp-json\/wp\/v2\/media?parent=525"}],"wp:term":[{"taxonomy":"category","embeddable":true,"href":"https:\/\/www.encontrasaobernardo.com.br\/sobre\/wp-json\/wp\/v2\/categories?post=525"},{"taxonomy":"post_tag","embeddable":true,"href":"https:\/\/www.encontrasaobernardo.com.br\/sobre\/wp-json\/wp\/v2\/tags?post=525"}],"curies":[{"name":"wp","href":"https:\/\/api.w.org\/{rel}","templated":true}]}}