{"id":516,"date":"2011-10-11T18:05:31","date_gmt":"2011-10-11T21:05:31","guid":{"rendered":"http:\/\/www.encontrasaobernardo.com.br\/noticias\/?p=516"},"modified":"2019-04-12T16:43:57","modified_gmt":"2019-04-12T19:43:57","slug":"sao-bernardo-quer-aumentar-iptu-de-terrenos-ociosos","status":"publish","type":"post","link":"https:\/\/www.encontrasaobernardo.com.br\/sobre\/sao-bernardo-quer-aumentar-iptu-de-terrenos-ociosos\/","title":{"rendered":"S\u00e3o Bernardo quer aumentar IPTU de terrenos ociosos"},"content":{"rendered":"<div class=\"b7a9cc72b38518383f4213f1240ff05a\" data-index=\"1\" style=\"float: none; margin:0px;\">\n<!-- Anuncio display - global -->\r\n<ins class=\"adsbygoogle\"\r\n     style=\"display:block\"\r\n     data-ad-client=\"ca-pub-8585364105181520\"\r\n     data-ad-slot=\"8789329856\"\r\n     data-ad-format=\"auto\"\r\n     data-full-width-responsive=\"true\"><\/ins>\r\n<script>\r\n     (adsbygoogle = window.adsbygoogle || []).push({});\r\n<\/script>\n<\/div>\n<p>A Comiss\u00e3o de Assuntos Metropolitanos da C\u00e2mara da cidade S\u00e3o Bernardo realizou nesta segunda-feira (10) audi\u00eancia p\u00fablica com o objetivo de discutir as mudan\u00e7as previstas no novo Plano Diretor da cidade. O projeto j\u00e1 est\u00e1 sendo analisado pelo Legislativo e deve ser votado ainda neste ano.<\/p>\n<p>Um dos pontos da lei prev\u00ea que a administra\u00e7\u00e3o municipal ter\u00e1 como meta \u201cinduzir a adequada utiliza\u00e7\u00e3o dos im\u00f3veis ociosos, mediante aplica\u00e7\u00e3o de instrumentos urban\u00edsticos que fa\u00e7am cumprir a fun\u00e7\u00e3o social da propriedade\u201d. No evento realizado nesta segunda-feira, integrantes da Prefeitura detalharam como pretendem colocar este item em pr\u00e1tica.<br \/>\nSegundo o novo Plano Diretor, ap\u00f3s ser notificado, o dono de terreno ocioso ter\u00e1 1 ano para apresentar \u00e0 administra\u00e7\u00e3o municipal projeto para ocupar a \u00e1rea. Ap\u00f3s a aprova\u00e7\u00e3o do projeto, ter\u00e1 2 anos para iniciar as obras.<\/p>\n<p>Caso o propriet\u00e1rio n\u00e3o cumpra os prazos estabelecidos, a Prefeitura aplicar\u00e1 o IPTU Progressivo, ou seja, aumento do imposto. O valor do reajuste n\u00e3o est\u00e1 previsto no texto do Plano Diretor \u2013 ser\u00e1 necess\u00e1rio criar uma lei espec\u00edfica para definir a al\u00edquota. No entanto, o aumento n\u00e3o poder\u00e1 exceder 15% do valor venal.<br \/>\nDe acordo com a Diretora de Planejamento Urbano de S\u00e3o Bernardo, Cl\u00e1udia Virginia de Souza Cabral, o objetivo do reajuste do IPTU n\u00e3o \u00e9 aumentar as receitas do munic\u00edpio. \u201cQueremos motivar o propriet\u00e1rio a utilizar o im\u00f3vel. Tanto que, antes de qualquer coisa, vamos notific\u00e1-lo\u201d, explica. \u201cSe o dono n\u00e3o tem dinheiro para construir, melhor vender o terreno\u201d.<\/p>\n<p>Os reajustes poder\u00e3o ser realizados por at\u00e9 cinco anos seguidos. Na hip\u00f3tese de nenhuma destas determina\u00e7\u00f5es serem cumpridas, a Prefeitura poder\u00e1 desapropriar a \u00e1rea, em no m\u00ednimo cinco anos ap\u00f3s a primeira notifica\u00e7\u00e3o.<\/p>\n<p><em>Fonte: Rep\u00f3rter Di\u00e1rio<\/em><\/p>\n\n<div style=\"font-size: 0px; height: 0px; line-height: 0px; margin: 0; padding: 0; clear: both;\"><\/div>","protected":false},"excerpt":{"rendered":"<p>A Comiss\u00e3o de Assuntos Metropolitanos da C\u00e2mara da cidade S\u00e3o Bernardo realizou nesta segunda-feira (10) audi\u00eancia p\u00fablica com o objetivo de discutir as mudan\u00e7as previstas no novo Plano Diretor da cidade. O projeto j\u00e1 est\u00e1 sendo analisado pelo Legislativo e deve ser votado ainda neste ano. Um dos pontos da lei prev\u00ea que a administra\u00e7\u00e3o municipal ter\u00e1 como meta \u201cinduzir a adequada utiliza\u00e7\u00e3o dos im\u00f3veis ociosos, mediante aplica\u00e7\u00e3o de instrumentos urban\u00edsticos que fa\u00e7am cumprir a fun\u00e7\u00e3o social da propriedade\u201d. No evento realizado nesta segunda-feira, integrantes da Prefeitura detalharam como pretendem colocar este item em pr\u00e1tica. Segundo o novo Plano Diretor, <\/p>\n","protected":false},"author":1,"featured_media":0,"comment_status":"open","ping_status":"closed","sticky":false,"template":"","format":"standard","meta":{"footnotes":""},"categories":[6],"tags":[14],"class_list":["post-516","post","type-post","status-publish","format-standard","hentry","category-noticias-em-sao-bernardo","tag-sao-bernardo"],"aioseo_notices":[],"_links":{"self":[{"href":"https:\/\/www.encontrasaobernardo.com.br\/sobre\/wp-json\/wp\/v2\/posts\/516","targetHints":{"allow":["GET"]}}],"collection":[{"href":"https:\/\/www.encontrasaobernardo.com.br\/sobre\/wp-json\/wp\/v2\/posts"}],"about":[{"href":"https:\/\/www.encontrasaobernardo.com.br\/sobre\/wp-json\/wp\/v2\/types\/post"}],"author":[{"embeddable":true,"href":"https:\/\/www.encontrasaobernardo.com.br\/sobre\/wp-json\/wp\/v2\/users\/1"}],"replies":[{"embeddable":true,"href":"https:\/\/www.encontrasaobernardo.com.br\/sobre\/wp-json\/wp\/v2\/comments?post=516"}],"version-history":[{"count":0,"href":"https:\/\/www.encontrasaobernardo.com.br\/sobre\/wp-json\/wp\/v2\/posts\/516\/revisions"}],"wp:attachment":[{"href":"https:\/\/www.encontrasaobernardo.com.br\/sobre\/wp-json\/wp\/v2\/media?parent=516"}],"wp:term":[{"taxonomy":"category","embeddable":true,"href":"https:\/\/www.encontrasaobernardo.com.br\/sobre\/wp-json\/wp\/v2\/categories?post=516"},{"taxonomy":"post_tag","embeddable":true,"href":"https:\/\/www.encontrasaobernardo.com.br\/sobre\/wp-json\/wp\/v2\/tags?post=516"}],"curies":[{"name":"wp","href":"https:\/\/api.w.org\/{rel}","templated":true}]}}