{"id":495,"date":"2011-09-28T18:22:56","date_gmt":"2011-09-28T21:22:56","guid":{"rendered":"http:\/\/www.encontrasaobernardo.com.br\/noticias\/?p=495"},"modified":"2019-04-12T16:43:58","modified_gmt":"2019-04-12T19:43:58","slug":"congresso-em-sao-bernardo-debate-recursos-humanos","status":"publish","type":"post","link":"https:\/\/www.encontrasaobernardo.com.br\/sobre\/congresso-em-sao-bernardo-debate-recursos-humanos\/","title":{"rendered":"Congresso em S\u00e3o Bernardo debate Recursos Humanos"},"content":{"rendered":"<div class=\"b7a9cc72b38518383f4213f1240ff05a\" data-index=\"1\" style=\"float: none; margin:0px;\">\n<!-- Anuncio display - global -->\r\n<ins class=\"adsbygoogle\"\r\n     style=\"display:block\"\r\n     data-ad-client=\"ca-pub-8585364105181520\"\r\n     data-ad-slot=\"8789329856\"\r\n     data-ad-format=\"auto\"\r\n     data-full-width-responsive=\"true\"><\/ins>\r\n<script>\r\n     (adsbygoogle = window.adsbygoogle || []).push({});\r\n<\/script>\n<\/div>\n<p>Empresas e profissionais interessados em melhorar a gest\u00e3o dos trabalhadores de seu\u00a0neg\u00f3cio ou setor t\u00eam a oportunidade de discutir novas tend\u00eancias para otimizar processos durante o 4\u00ba Congresso de Recursos Humanos do Grande ABC. O encontro acontece no Cenforpe, em guia de S\u00e3o Bernardo, nos dias 6 e 7 de outubro.<\/p>\n<p>Intitulado Brasil Humano &#8211; Cidadania, Criatividade, Gest\u00e3o e Realiza\u00e7\u00e3o, o congresso \u00e9 realizado pela Associa\u00e7\u00e3o dos Gestores de RH do ABC. O intuito, segundo o presidente da entidade, Paulo Nobre, \u00e9 mostrar &#8220;o Brasil que d\u00e1 certo&#8221;. &#8220;O\u00a0brasileiro \u00e9 muito criativo, tanto que \u00e9 valorizado por multinacionais. Vamos abordar tamb\u00e9m o lado cidad\u00e3o tanto das companhias como dos funcion\u00e1rios, que hoje se preocupam com responsabilidade ambiental.&#8221;<\/p>\n<p>Entre os destaques da programa\u00e7\u00e3o est\u00e3o as quatro palestras que ir\u00e3o analisar o tema central. O professor e consultor de empresas Stephen Kanitz falar\u00e1 sobre Cidadania e a especialista em economia\u00a0criativa e desenvolvimento sustent\u00e1vel Lala Deheinzeli abordar\u00e1 os principais aspectos da Criatividade. J\u00e1 os subtemas Realiza\u00e7\u00e3o e Gest\u00e3o ser\u00e3o debatidos pelo antrop\u00f3logo e consultor de empresas Luiz Marins e pelo economista Ricardo Amorim, respectivamente.<\/p>\n<p>Os interessados em\u00a0participar do congresso podem se inscrever at\u00e9 o dia 5 pelo site agerh.com.br. O valor das inscri\u00e7\u00f5es \u00e9 de R$ 245 por pessoa, para os dois dias. Mais informa\u00e7\u00f5es podem ser obtidas pelo e-mail: contato@agerh.com.br ou pelo telefone 4976-1186.<\/p>\n<p>Segundo Nobre, entretanto, se o pacote de entradas for fechado por uma empresa, \u00e9 poss\u00edvel conceder um bom desconto. &#8220;Acima de 10 pessoas a inscri\u00e7\u00e3o cai para R$ 160.&#8221;<\/p>\n<p>O encontro \u00e9 indicado n\u00e3o somente para quem atua na \u00e1rea de RH, ressalta Nobre. &#8220;\u00c9 voltado a profissionais de gest\u00e3o, independentemente do setor, como encarregados de produ\u00e7\u00e3o, analistas de marketing e financeiro.&#8221;<\/p>\n<p>Concomitantemente \u00e0s palestras acontece a Expo RH, vitrine de oportunidades e inova\u00e7\u00f5es em produtos e servi\u00e7os para o mercado de gest\u00e3o em pessoas. A feira tem entrada gratuita.<\/p>\n<p>Companhias que desejarem participar com um estande t\u00eam at\u00e9 sexta-feira, dia 29, para se inscrever. Basta entrar em contato pelo telefone 4976-1186 ou pelo site da Agerh, onde h\u00e1 tabela de pre\u00e7os. Podem participar neg\u00f3cios de variados segmentos que ofere\u00e7am produtos e servi\u00e7os de gest\u00e3o de profissionais, como empresas de RH, conv\u00eanios m\u00e9dicos e odontol\u00f3gicos e consultorias empresariais.<\/p>\n<p>Em 2010, participaram 62 expositores e 4.000 pessoas, entre congressistas e visitantes. Para este ano s\u00e3o esperados 70 estandes e 4.500 presentes.<\/p>\n<p><em>Fonte: Di\u00e1rio do Grande ABC<\/em><\/p>\n\n<div style=\"font-size: 0px; height: 0px; line-height: 0px; margin: 0; padding: 0; clear: both;\"><\/div>","protected":false},"excerpt":{"rendered":"<p>Empresas e profissionais interessados em melhorar a gest\u00e3o dos trabalhadores de seu\u00a0neg\u00f3cio ou setor t\u00eam a oportunidade de discutir novas tend\u00eancias para otimizar processos durante o 4\u00ba Congresso de Recursos Humanos do Grande ABC. O encontro acontece no Cenforpe, em guia de S\u00e3o Bernardo, nos dias 6 e 7 de outubro. Intitulado Brasil Humano &#8211; Cidadania, Criatividade, Gest\u00e3o e Realiza\u00e7\u00e3o, o congresso \u00e9 realizado pela Associa\u00e7\u00e3o dos Gestores de RH do ABC. O intuito, segundo o presidente da entidade, Paulo Nobre, \u00e9 mostrar &#8220;o Brasil que d\u00e1 certo&#8221;. &#8220;O\u00a0brasileiro \u00e9 muito criativo, tanto que \u00e9 valorizado por multinacionais. Vamos abordar <\/p>\n","protected":false},"author":1,"featured_media":0,"comment_status":"open","ping_status":"closed","sticky":false,"template":"","format":"standard","meta":{"footnotes":""},"categories":[6],"tags":[14],"class_list":["post-495","post","type-post","status-publish","format-standard","hentry","category-noticias-em-sao-bernardo","tag-sao-bernardo"],"aioseo_notices":[],"_links":{"self":[{"href":"https:\/\/www.encontrasaobernardo.com.br\/sobre\/wp-json\/wp\/v2\/posts\/495","targetHints":{"allow":["GET"]}}],"collection":[{"href":"https:\/\/www.encontrasaobernardo.com.br\/sobre\/wp-json\/wp\/v2\/posts"}],"about":[{"href":"https:\/\/www.encontrasaobernardo.com.br\/sobre\/wp-json\/wp\/v2\/types\/post"}],"author":[{"embeddable":true,"href":"https:\/\/www.encontrasaobernardo.com.br\/sobre\/wp-json\/wp\/v2\/users\/1"}],"replies":[{"embeddable":true,"href":"https:\/\/www.encontrasaobernardo.com.br\/sobre\/wp-json\/wp\/v2\/comments?post=495"}],"version-history":[{"count":0,"href":"https:\/\/www.encontrasaobernardo.com.br\/sobre\/wp-json\/wp\/v2\/posts\/495\/revisions"}],"wp:attachment":[{"href":"https:\/\/www.encontrasaobernardo.com.br\/sobre\/wp-json\/wp\/v2\/media?parent=495"}],"wp:term":[{"taxonomy":"category","embeddable":true,"href":"https:\/\/www.encontrasaobernardo.com.br\/sobre\/wp-json\/wp\/v2\/categories?post=495"},{"taxonomy":"post_tag","embeddable":true,"href":"https:\/\/www.encontrasaobernardo.com.br\/sobre\/wp-json\/wp\/v2\/tags?post=495"}],"curies":[{"name":"wp","href":"https:\/\/api.w.org\/{rel}","templated":true}]}}