{"id":487,"date":"2011-09-22T15:55:09","date_gmt":"2011-09-22T18:55:09","guid":{"rendered":"http:\/\/www.encontrasaobernardo.com.br\/noticias\/?p=487"},"modified":"2019-04-12T16:43:58","modified_gmt":"2019-04-12T19:43:58","slug":"sao-bernardo-estabelece-acordo-para-uso-racional-de-sacolas-plasticas","status":"publish","type":"post","link":"https:\/\/www.encontrasaobernardo.com.br\/sobre\/sao-bernardo-estabelece-acordo-para-uso-racional-de-sacolas-plasticas\/","title":{"rendered":"S\u00e3o Bernardo estabelece acordo para uso racional de sacolas pl\u00e1sticas"},"content":{"rendered":"<div class=\"b7a9cc72b38518383f4213f1240ff05a\" data-index=\"1\" style=\"float: none; margin:0px;\">\n<!-- Anuncio display - global -->\r\n<ins class=\"adsbygoogle\"\r\n     style=\"display:block\"\r\n     data-ad-client=\"ca-pub-8585364105181520\"\r\n     data-ad-slot=\"8789329856\"\r\n     data-ad-format=\"auto\"\r\n     data-full-width-responsive=\"true\"><\/ins>\r\n<script>\r\n     (adsbygoogle = window.adsbygoogle || []).push({});\r\n<\/script>\n<\/div>\n<p>O prefeito da cidade S\u00e3o Bernardo do Campo, Luiz Marinho (PT), \u00a0e entidades representativas da ind\u00fastria, do com\u00e9rcio e dos trabalhadores assinaram na manh\u00e3 desta quarta-feira (21\/9), no Sal\u00e3o Nobre do Pa\u00e7o Municipal, um acordo in\u00e9dito para o uso racional das sacolinhas pl\u00e1sticas. O termo de coopera\u00e7\u00e3o t\u00e9cnica envolveu a Plastivida, Instituto S\u00f3cio Ambiental dos Pl\u00e1sticos, Instituto Nacional do Pl\u00e1stico (INP), Associa\u00e7\u00e3o Brasileira da Ind\u00fastria de Embalagens Flex\u00edveis (Abief) e outras entidades. O conv\u00eanio tamb\u00e9m prev\u00ea a cria\u00e7\u00e3o da Escola Nacional de Consumo Respons\u00e1vel, que vai promover a\u00e7\u00f5es de educa\u00e7\u00e3o ambiental.<\/p>\n<p>A iniciativa pretende substituir as sacolas pl\u00e1sticas de supermercado por outras recicl\u00e1veis, de maior qualidade e capacidade. Os supermercados da cidade devem receber sacolinhas espec\u00edficas para materiais org\u00e2nicos e para recicl\u00e1veis, a fim de que o consumidor consiga separar adequadamente o lixo em sua resid\u00eancia.<\/p>\n<p>&#8220;Hoje, o consumidor utiliza duas sacolas pl\u00e1sticas em um supermercado para embalar uma garrafa de refrigerante. Com uma sacola mais forte, ele poder\u00e1 embalar o mesmo produto em apenas uma sacolinha. E tamb\u00e9m poder\u00e1 utilizar essas sacolas em casa&#8221;, disse o secret\u00e1rio de Gest\u00e3o Ambiental.<\/p>\n<p>Um dos principais bra\u00e7os desse conv\u00eanio \u00e9 o lan\u00e7amento da Escola Nacional de Consumo Respons\u00e1vel, que ser\u00e1 coordenada pelas secretarias de Desenvolvimento Econ\u00f4mico, Trabalho e Turismo e Gest\u00e3o Ambiental. O programa, in\u00e9dito, funcionar\u00e1 virtualmente e servir\u00e1 de base para desenvolver conceitos de sustentabilidade em todo o Pa\u00eds. Isso porque o modelo desenvolvido ir\u00e1 contemplar treinamentos \u00e0 dist\u00e2ncia, com material did\u00e1tico, games e quadrinhos educativos online.<\/p>\n<p>A Escola poder\u00e1 ser acessada gratuitamente via internet, por meio do portal<em>www.escoladeconsumoresponsavel.com.br<\/em>, que trar\u00e1 m\u00f3dulos espec\u00edficos destinados a educadores, estudantes, profissionais do varejo e gestores de meio ambiente. Caber\u00e1 \u00e0 Prefeitura coordenar, em articula\u00e7\u00e3o com as demais entidades, as a\u00e7\u00f5es a serem desenvolvidas.<\/p>\n<p>O conv\u00eanio envolve ainda Sindicato dos Trabalhadores e das Trabalhadoras nas Ind\u00fastrias Qu\u00edmicas, Petroqu\u00edmicas, Farmac\u00eauticas, Tintas e Vernizes, Resinas Sint\u00e9ticas e Explosivos do ABC, Mau\u00e1, Ribeir\u00e3o Pires e Rio Grande da Serra e Clube dos Diretores Lojistas (CDL).<\/p>\n<p>Outra iniciativa inovadora da Prefeitura a fim de dar uma destina\u00e7\u00e3o final \u00e0s sacolinhas \u00e9 o novo Sistema Integrado de Manejo e Gest\u00e3o de Res\u00edduos, que prev\u00ea a implementa\u00e7\u00e3o de um Sistema de Processamento e Aproveitamento de Res\u00edduos e uma Unidade de Recupera\u00e7\u00e3o de Energia (SPAR-URE), a usina de gera\u00e7\u00e3o de energia a partir do lixo. Segundo o prefeito, nesse caso, as sacolinhas serviriam como mat\u00e9ria-prima para a usina, fechando o ciclo final do material de origem petrol\u00edfera, hoje usado para a sua produ\u00e7\u00e3o. O edital da Parceria P\u00fablico-Privada para o sistema j\u00e1 foi lan\u00e7ado e prev\u00ea, al\u00e9m da usina de energia, toda a reformula\u00e7\u00e3o da coleta de lixo e limpeza das ruas da cidade. Com isso, S\u00e3o Bernardo torna-se o primeiro munic\u00edpio a se enquadrar na nova Pol\u00edtica Nacional de Res\u00edduos S\u00f3lidos, institu\u00edda no ano passado.<\/p>\n<p><em>Fonte: Prefeitura de S\u00e3o Bernardo<\/em><\/p>\n\n<div style=\"font-size: 0px; height: 0px; line-height: 0px; margin: 0; padding: 0; clear: both;\"><\/div>","protected":false},"excerpt":{"rendered":"<p>O prefeito da cidade S\u00e3o Bernardo do Campo, Luiz Marinho (PT), \u00a0e entidades representativas da ind\u00fastria, do com\u00e9rcio e dos trabalhadores assinaram na manh\u00e3 desta quarta-feira (21\/9), no Sal\u00e3o Nobre do Pa\u00e7o Municipal, um acordo in\u00e9dito para o uso racional das sacolinhas pl\u00e1sticas. O termo de coopera\u00e7\u00e3o t\u00e9cnica envolveu a Plastivida, Instituto S\u00f3cio Ambiental dos Pl\u00e1sticos, Instituto Nacional do Pl\u00e1stico (INP), Associa\u00e7\u00e3o Brasileira da Ind\u00fastria de Embalagens Flex\u00edveis (Abief) e outras entidades. O conv\u00eanio tamb\u00e9m prev\u00ea a cria\u00e7\u00e3o da Escola Nacional de Consumo Respons\u00e1vel, que vai promover a\u00e7\u00f5es de educa\u00e7\u00e3o ambiental. A iniciativa pretende substituir as sacolas pl\u00e1sticas de supermercado <\/p>\n","protected":false},"author":1,"featured_media":0,"comment_status":"open","ping_status":"closed","sticky":false,"template":"","format":"standard","meta":{"footnotes":""},"categories":[6],"tags":[14],"class_list":["post-487","post","type-post","status-publish","format-standard","hentry","category-noticias-em-sao-bernardo","tag-sao-bernardo"],"aioseo_notices":[],"_links":{"self":[{"href":"https:\/\/www.encontrasaobernardo.com.br\/sobre\/wp-json\/wp\/v2\/posts\/487","targetHints":{"allow":["GET"]}}],"collection":[{"href":"https:\/\/www.encontrasaobernardo.com.br\/sobre\/wp-json\/wp\/v2\/posts"}],"about":[{"href":"https:\/\/www.encontrasaobernardo.com.br\/sobre\/wp-json\/wp\/v2\/types\/post"}],"author":[{"embeddable":true,"href":"https:\/\/www.encontrasaobernardo.com.br\/sobre\/wp-json\/wp\/v2\/users\/1"}],"replies":[{"embeddable":true,"href":"https:\/\/www.encontrasaobernardo.com.br\/sobre\/wp-json\/wp\/v2\/comments?post=487"}],"version-history":[{"count":0,"href":"https:\/\/www.encontrasaobernardo.com.br\/sobre\/wp-json\/wp\/v2\/posts\/487\/revisions"}],"wp:attachment":[{"href":"https:\/\/www.encontrasaobernardo.com.br\/sobre\/wp-json\/wp\/v2\/media?parent=487"}],"wp:term":[{"taxonomy":"category","embeddable":true,"href":"https:\/\/www.encontrasaobernardo.com.br\/sobre\/wp-json\/wp\/v2\/categories?post=487"},{"taxonomy":"post_tag","embeddable":true,"href":"https:\/\/www.encontrasaobernardo.com.br\/sobre\/wp-json\/wp\/v2\/tags?post=487"}],"curies":[{"name":"wp","href":"https:\/\/api.w.org\/{rel}","templated":true}]}}