{"id":481,"date":"2011-09-20T17:19:00","date_gmt":"2011-09-20T20:19:00","guid":{"rendered":"http:\/\/www.encontrasaobernardo.com.br\/noticias\/?p=481"},"modified":"2019-04-12T16:43:58","modified_gmt":"2019-04-12T19:43:58","slug":"cidade-da-tv-brasileira-e-inaugurada-em-sao-bernardo","status":"publish","type":"post","link":"https:\/\/www.encontrasaobernardo.com.br\/sobre\/cidade-da-tv-brasileira-e-inaugurada-em-sao-bernardo\/","title":{"rendered":"Cidade da TV Brasileira \u00e9 inaugurada em S\u00e3o Bernardo"},"content":{"rendered":"<div class=\"b7a9cc72b38518383f4213f1240ff05a\" data-index=\"1\" style=\"float: none; margin:0px;\">\n<!-- Anuncio display - global -->\r\n<ins class=\"adsbygoogle\"\r\n     style=\"display:block\"\r\n     data-ad-client=\"ca-pub-8585364105181520\"\r\n     data-ad-slot=\"8789329856\"\r\n     data-ad-format=\"auto\"\r\n     data-full-width-responsive=\"true\"><\/ins>\r\n<script>\r\n     (adsbygoogle = window.adsbygoogle || []).push({});\r\n<\/script>\n<\/div>\n<p>&#8220;Est\u00e1 inaugurada a Cidade da TV Brasileira em S\u00e3o Bernardo do Campo&#8221;. Com essa frase, o prefeito do munic\u00edpio e a presidente da Pr\u00f3-TV, Associa\u00e7\u00e3o dos Pioneiros, Profissionais e Incentivadores da Televis\u00e3o Brasileira, Vida Alves, inauguraram na noite desta segunda-feira (19\/9), a primeira Cidade da TV Brasileira do Pa\u00eds na Cidade da Crian\u00e7a, localizada no Jardim do Mar.<\/p>\n<p>Com a presen\u00e7a de diversos artistas da velha guarda da hist\u00f3ria da TV nacional, autoridades, empres\u00e1rios e representantes da sociedade civil, o espa\u00e7o cultural, art\u00edstico e tur\u00edstico abriu as portas com a participa\u00e7\u00e3o de cerca de 500 convidados, como a ex-primeira-dama Marisa Let\u00edcia, em uma noite de muita emo\u00e7\u00e3o, glamour e homenagens, sob os acordes da orquestra Filarm\u00f4nica Vera Cruz. O memorial instalado em um pr\u00e9dio de dois andares na Cidade da Crian\u00e7a, com mais de 3 mil itens e 30 ambientes, recebeu investimentos da ordem de R$ 800 mil.<\/p>\n<p>Para o chefe do Executivo, a Pr\u00f3-TV, parceira da Prefeitura neste empreendimento, juntamente com a empresa Aqu\u00e1rio de S\u00e3o Paulo, uma das permission\u00e1rias do parque, n\u00e3o poderia ter escolhido lugar melhor para a iniciativa. &#8220;Aqui ao lado temos o Pavilh\u00e3o Vera Cruz, que sediou os antigos est\u00fadios cinematogr\u00e1ficos Vera Cruz, e que tamb\u00e9m conta com projeto de revitaliza\u00e7\u00e3o, assim como fizemos na Cidade da Crian\u00e7a. Queremos fazer esse espa\u00e7o voltar a sediar produ\u00e7\u00f5es art\u00edsticas como no passado, e para isso estamos buscando empreendedores&#8221;, disse.<\/p>\n<p>Ao lado da grande homenageada da noite, Vida Alves, atriz brasileira a dar o primeiro beijo na telinha na exibi\u00e7\u00e3o da novela Sua vida me pertence, de 1950, e que tamb\u00e9m preside a Pr\u00f3-TV, marcaram presen\u00e7a a atriz Ana Rosa Corr\u00eaa, que faz parte do livro de recordes Guiness Book como a mulher que mais fez apari\u00e7\u00f5es em novelas, o diretor geral Reynaldo Boury, que foi diretor da novela Reden\u00e7\u00e3o, o ator Jayme Periard e o humorista Canarinho, nome art\u00edstico de Alu\u00edsio Ferreira Gomes, conhecido por suas participa\u00e7\u00f5es no programa A Pra\u00e7a \u00e9 Nossa, entre outros.<\/p>\n<p><strong>Atra\u00e7\u00f5es \u2013<\/strong> Al\u00e9m de um audit\u00f3rio de 108 lugares, o local re\u00fane atra\u00e7\u00f5es como a in\u00e9dita tecnologia da TV hologr\u00e1fica, importada da Alemanha, uma das principais atra\u00e7\u00f5es da Cidade da TV Brasileira, bem como objetos, fotos, v\u00eddeos e documentos, mas a ideia \u00e9 oferecer tamb\u00e9m exposi\u00e7\u00f5es tempor\u00e1rias.<\/p>\n<p>A atra\u00e7\u00e3o faz um apanhado desde os prim\u00f3rdios da TV em preto e branco at\u00e9 a ado\u00e7\u00e3o de novas tecnologias ainda desconhecidas do p\u00fablico.<\/p>\n<p><strong>Servi\u00e7o \u2013<\/strong> A Cidade da TV Brasileira fica na Cidade da Crian\u00e7a, localizada na Rua Tasman, 301, Jardim do Mar, Guia de S\u00e3o Bernardo. O ingresso para a atra\u00e7\u00e3o custa R$ 7 e moradores portando a carteirinha do mun\u00edcipe, que pode ser feita gratuitamente no pr\u00f3prio parque, t\u00eam 50% de desconto. J\u00e1 a entrada no parque \u00e9 gratuita e os ingressos individuais para os brinquedos variam de R$ 2 a R$ 10. O passaporte para crian\u00e7a \u00e9 R$ 30 (aos s\u00e1bados, domingos e feriados) e o de adulto \u00e9 R$ 20. O estacionamento custa R$ 6 a di\u00e1ria. O hor\u00e1rio de funcionamento \u00e9 de ter\u00e7a a domingo e feriados, das 9h \u00e0s 17h.<\/p>\n<p><em>Fonte: Prefeitura de S\u00e3o Bernardo<\/em><\/p>\n\n<div style=\"font-size: 0px; height: 0px; line-height: 0px; margin: 0; padding: 0; clear: both;\"><\/div>","protected":false},"excerpt":{"rendered":"<p>&#8220;Est\u00e1 inaugurada a Cidade da TV Brasileira em S\u00e3o Bernardo do Campo&#8221;. Com essa frase, o prefeito do munic\u00edpio e a presidente da Pr\u00f3-TV, Associa\u00e7\u00e3o dos Pioneiros, Profissionais e Incentivadores da Televis\u00e3o Brasileira, Vida Alves, inauguraram na noite desta segunda-feira (19\/9), a primeira Cidade da TV Brasileira do Pa\u00eds na Cidade da Crian\u00e7a, localizada no Jardim do Mar. Com a presen\u00e7a de diversos artistas da velha guarda da hist\u00f3ria da TV nacional, autoridades, empres\u00e1rios e representantes da sociedade civil, o espa\u00e7o cultural, art\u00edstico e tur\u00edstico abriu as portas com a participa\u00e7\u00e3o de cerca de 500 convidados, como a ex-primeira-dama Marisa <\/p>\n","protected":false},"author":1,"featured_media":0,"comment_status":"open","ping_status":"closed","sticky":false,"template":"","format":"standard","meta":{"footnotes":""},"categories":[6],"tags":[14],"class_list":["post-481","post","type-post","status-publish","format-standard","hentry","category-noticias-em-sao-bernardo","tag-sao-bernardo"],"aioseo_notices":[],"_links":{"self":[{"href":"https:\/\/www.encontrasaobernardo.com.br\/sobre\/wp-json\/wp\/v2\/posts\/481","targetHints":{"allow":["GET"]}}],"collection":[{"href":"https:\/\/www.encontrasaobernardo.com.br\/sobre\/wp-json\/wp\/v2\/posts"}],"about":[{"href":"https:\/\/www.encontrasaobernardo.com.br\/sobre\/wp-json\/wp\/v2\/types\/post"}],"author":[{"embeddable":true,"href":"https:\/\/www.encontrasaobernardo.com.br\/sobre\/wp-json\/wp\/v2\/users\/1"}],"replies":[{"embeddable":true,"href":"https:\/\/www.encontrasaobernardo.com.br\/sobre\/wp-json\/wp\/v2\/comments?post=481"}],"version-history":[{"count":0,"href":"https:\/\/www.encontrasaobernardo.com.br\/sobre\/wp-json\/wp\/v2\/posts\/481\/revisions"}],"wp:attachment":[{"href":"https:\/\/www.encontrasaobernardo.com.br\/sobre\/wp-json\/wp\/v2\/media?parent=481"}],"wp:term":[{"taxonomy":"category","embeddable":true,"href":"https:\/\/www.encontrasaobernardo.com.br\/sobre\/wp-json\/wp\/v2\/categories?post=481"},{"taxonomy":"post_tag","embeddable":true,"href":"https:\/\/www.encontrasaobernardo.com.br\/sobre\/wp-json\/wp\/v2\/tags?post=481"}],"curies":[{"name":"wp","href":"https:\/\/api.w.org\/{rel}","templated":true}]}}