{"id":467,"date":"2011-09-13T18:28:14","date_gmt":"2011-09-13T21:28:14","guid":{"rendered":"http:\/\/www.encontrasaobernardo.com.br\/noticias\/?p=467"},"modified":"2019-04-12T16:43:59","modified_gmt":"2019-04-12T19:43:59","slug":"justica-manda-prefeitura-de-sao-bernardo-paralisar-duas-obras-viarias","status":"publish","type":"post","link":"https:\/\/www.encontrasaobernardo.com.br\/sobre\/justica-manda-prefeitura-de-sao-bernardo-paralisar-duas-obras-viarias\/","title":{"rendered":"Justi\u00e7a manda Prefeitura de S\u00e3o Bernardo paralisar duas obras vi\u00e1rias"},"content":{"rendered":"<div class=\"b7a9cc72b38518383f4213f1240ff05a\" data-index=\"1\" style=\"float: none; margin:0px;\">\n<!-- Anuncio display - global -->\r\n<ins class=\"adsbygoogle\"\r\n     style=\"display:block\"\r\n     data-ad-client=\"ca-pub-8585364105181520\"\r\n     data-ad-slot=\"8789329856\"\r\n     data-ad-format=\"auto\"\r\n     data-full-width-responsive=\"true\"><\/ins>\r\n<script>\r\n     (adsbygoogle = window.adsbygoogle || []).push({});\r\n<\/script>\n<\/div>\n<p>A Justi\u00e7a de guia de S\u00e3o Bernardo determinou que a Prefeitura interrompa, imediatamente, duas\u00a0obras vi\u00e1rias que est\u00e3o sendo executadas na\u00a0cidade &#8211; uma no Jardim Palermo e outra no Jardim Atl\u00e2ntico. Os empreendimentos s\u00e3o referentes \u00e0 abertura de ruas sobre pra\u00e7as p\u00fablicas, e foram alvo de a\u00e7\u00f5es populares protocoladas no F\u00f3rum local. O governo Luiz Marinho (PT) informou ontem que recorrer\u00e1 das decis\u00f5es no Tribunal de Justi\u00e7a do Estado de S\u00e3o Paulo.<\/p>\n<p>O Minist\u00e9rio P\u00fablico, por meio da promotora de\u00a0Meio Ambiente, Habita\u00e7\u00e3o e Urbanismo, Ros\u00e2ngela Staurenghi, tamb\u00e9m havia se manifestado, nos pedidos de liminares, contra a execu\u00e7\u00e3o das obras.<\/p>\n<p>Na primeira a\u00e7\u00e3o, a ju\u00edza titular da 2\u00aa Vara da Fazenda P\u00fablica de S\u00e3o Bernardo, Ida In\u00eas Del Cid, aponta que &#8220;a Constitui\u00e7\u00e3o Estadual de S\u00e3o Paulo prev\u00ea a impossibilidade de altera\u00e7\u00e3o de destina\u00e7\u00e3o, fins e objetivos originalmente estabelecidos a \u00e1reas verdes e institucionais em projetos de loteamento&#8221;. E acrescenta que &#8220;tal preceito constitucional estadual prevalece sobre lei municipal&#8221;.<\/p>\n<p>A obra consiste na abertura de uma rua sobre a Pra\u00e7a Irineu Ballan, no Jardim Palermo. A execu\u00e7\u00e3o \u00e9 da Emparsanco, que ontem foi procurada pelo Di\u00e1rio, mas nenhum representante da empresa retornou.<\/p>\n<p>A lei federal 6.766 disciplina os loteamentos e as \u00e1reas livres ao poder p\u00fablico. A Prefeitura definiu que o espa\u00e7o seria destinado \u00e0 constru\u00e7\u00e3o da Pra\u00e7a Irineu Ballan, conforme a lei municipal 5.908\/2008. O que n\u00e3o ocorreu at\u00e9 hoje.<\/p>\n<p>PEDRAS<br \/>\nA hist\u00f3ria n\u00e3o \u00e9 diferente para os moradores do Jardim Atl\u00e2ntico, que tiveram a primeira vit\u00f3ria na Justi\u00e7a. O juiz da 1\u00aa Vara da Fazenda P\u00fablica de S\u00e3o Bernardo, Jos\u00e9 Carlos de Fran\u00e7a Carvalho Neto, determinou a suspens\u00e3o imediata da obra que ligar\u00e1 a Avenida Luiz Pequini e a Rua Vicente Janu\u00e1rio D&#8217;\u00c2ngelo, no Jardim Iraj\u00e1. O\u00a0acesso ao bairro s\u00f3 tem entrada e sa\u00edda pela Avenida Tiradentes.<\/p>\n<p>Para desafogar o tr\u00e2nsito, a Prefeitura pretende passar pela Rua Roque Silva, no Jardim Atl\u00e2ntico, que hoje \u00e9 utilizada apenas para tr\u00e2nsito A extens\u00e3o causar\u00e1 impacto na via de acesso, em raz\u00e3o do maior volume de carros, descaracterizando-a.<\/p>\n<p>O juiz apontou que, antes do in\u00edcio das obras, \u00e9 necess\u00e1ria a apresenta\u00e7\u00e3o dos estudos ambientais previstos na legisla\u00e7\u00e3o. Na falta dos documentos, determinou a suspens\u00e3o do contrato com a Heleno &amp; Fonseca Construtora e que as pedras sobre a Pra\u00e7a Santo Expedito sejam removidas em 15 dias. A empresa foi procurada ontem, mas n\u00e3o retornou.<\/p>\n<p><em>Fonte: Di\u00e1rio do Grande ABC<\/em><\/p>\n\n<div style=\"font-size: 0px; height: 0px; line-height: 0px; margin: 0; padding: 0; clear: both;\"><\/div>","protected":false},"excerpt":{"rendered":"<p>A Justi\u00e7a de guia de S\u00e3o Bernardo determinou que a Prefeitura interrompa, imediatamente, duas\u00a0obras vi\u00e1rias que est\u00e3o sendo executadas na\u00a0cidade &#8211; uma no Jardim Palermo e outra no Jardim Atl\u00e2ntico. Os empreendimentos s\u00e3o referentes \u00e0 abertura de ruas sobre pra\u00e7as p\u00fablicas, e foram alvo de a\u00e7\u00f5es populares protocoladas no F\u00f3rum local. O governo Luiz Marinho (PT) informou ontem que recorrer\u00e1 das decis\u00f5es no Tribunal de Justi\u00e7a do Estado de S\u00e3o Paulo. O Minist\u00e9rio P\u00fablico, por meio da promotora de\u00a0Meio Ambiente, Habita\u00e7\u00e3o e Urbanismo, Ros\u00e2ngela Staurenghi, tamb\u00e9m havia se manifestado, nos pedidos de liminares, contra a execu\u00e7\u00e3o das obras. Na primeira <\/p>\n","protected":false},"author":1,"featured_media":0,"comment_status":"open","ping_status":"closed","sticky":false,"template":"","format":"standard","meta":{"footnotes":""},"categories":[6],"tags":[14],"class_list":["post-467","post","type-post","status-publish","format-standard","hentry","category-noticias-em-sao-bernardo","tag-sao-bernardo"],"aioseo_notices":[],"_links":{"self":[{"href":"https:\/\/www.encontrasaobernardo.com.br\/sobre\/wp-json\/wp\/v2\/posts\/467","targetHints":{"allow":["GET"]}}],"collection":[{"href":"https:\/\/www.encontrasaobernardo.com.br\/sobre\/wp-json\/wp\/v2\/posts"}],"about":[{"href":"https:\/\/www.encontrasaobernardo.com.br\/sobre\/wp-json\/wp\/v2\/types\/post"}],"author":[{"embeddable":true,"href":"https:\/\/www.encontrasaobernardo.com.br\/sobre\/wp-json\/wp\/v2\/users\/1"}],"replies":[{"embeddable":true,"href":"https:\/\/www.encontrasaobernardo.com.br\/sobre\/wp-json\/wp\/v2\/comments?post=467"}],"version-history":[{"count":0,"href":"https:\/\/www.encontrasaobernardo.com.br\/sobre\/wp-json\/wp\/v2\/posts\/467\/revisions"}],"wp:attachment":[{"href":"https:\/\/www.encontrasaobernardo.com.br\/sobre\/wp-json\/wp\/v2\/media?parent=467"}],"wp:term":[{"taxonomy":"category","embeddable":true,"href":"https:\/\/www.encontrasaobernardo.com.br\/sobre\/wp-json\/wp\/v2\/categories?post=467"},{"taxonomy":"post_tag","embeddable":true,"href":"https:\/\/www.encontrasaobernardo.com.br\/sobre\/wp-json\/wp\/v2\/tags?post=467"}],"curies":[{"name":"wp","href":"https:\/\/api.w.org\/{rel}","templated":true}]}}