{"id":463,"date":"2011-09-13T18:25:46","date_gmt":"2011-09-13T21:25:46","guid":{"rendered":"http:\/\/www.encontrasaobernardo.com.br\/noticias\/?p=463"},"modified":"2019-04-12T16:43:59","modified_gmt":"2019-04-12T19:43:59","slug":"sao-bernardo-fara-a-entrega-de-1-500-mudas-dentro-das-comemoracoes-pelo-dia-da-arvore","status":"publish","type":"post","link":"https:\/\/www.encontrasaobernardo.com.br\/sobre\/sao-bernardo-fara-a-entrega-de-1-500-mudas-dentro-das-comemoracoes-pelo-dia-da-arvore\/","title":{"rendered":"S\u00e3o Bernardo far\u00e1 a entrega de 1.500 mudas dentro das comemora\u00e7\u00f5es pelo Dia da \u00c1rvore"},"content":{"rendered":"<div class=\"b7a9cc72b38518383f4213f1240ff05a\" data-index=\"1\" style=\"float: none; margin:0px;\">\n<!-- Anuncio display - global -->\r\n<ins class=\"adsbygoogle\"\r\n     style=\"display:block\"\r\n     data-ad-client=\"ca-pub-8585364105181520\"\r\n     data-ad-slot=\"8789329856\"\r\n     data-ad-format=\"auto\"\r\n     data-full-width-responsive=\"true\"><\/ins>\r\n<script>\r\n     (adsbygoogle = window.adsbygoogle || []).push({});\r\n<\/script>\n<\/div>\n<p>Em comemora\u00e7\u00e3o ao Dia da \u00c1rvore, celebrado no Brasil no dia 21 de setembro, a Prefeitura de S\u00e3o Bernardo do Campo, por meio da Secretaria de Gest\u00e3o Ambiental, promover\u00e1 a\u00e7\u00f5es integradas voltadas para a sociedade em geral para refor\u00e7ar a import\u00e2ncia da preserva\u00e7\u00e3o ambiental e refletir sobre a conserva\u00e7\u00e3o da natureza e das matas. As a\u00e7\u00f5es incluir\u00e3o a entrega de 1.500 mudas de \u00e1rvores de esp\u00e9cies nativas da Mata Atl\u00e2ntica, al\u00e9m de mutir\u00f5es de limpeza em \u00e1reas de prote\u00e7\u00e3o aos mananciais.<\/p>\n<p>Com o tema\u00a0<em>Qualidade de vida das Comunidades<\/em>, as comemora\u00e7\u00f5es se iniciam no dia 16, a partir das 14h, com o Mutir\u00e3o de Limpeza no Jardim Silvina, que ser\u00e1 realizado no entorno da unidade da Funda\u00e7\u00e3o Crian\u00e7a de S\u00e3o Bernardo.<\/p>\n<p>A celebra\u00e7\u00e3o continua neste s\u00e1bado e domingo (17 e 18\/9), a partir das 9h, com o\u00a0<em>Mutir\u00e3o de Limpeza Clean Up the World<\/em>, que \u00e9 um movimento de limpeza urbana realizado mundialmente, sempre no terceiro final de semana de setembro. No s\u00e1bado, o ponto de encontro ser\u00e1 na Associa\u00e7\u00e3o dos Nordestinos, que fica na Estrada da \u00c1gua Limpa, n\u00ba 5.500, no Riacho Grande. J\u00e1 no domingo, o ponto de partida acontece na UBS da Vila Uni\u00e3o, localizada na Rua dos Industri\u00e1rios, 17, no Bairro Alvarenga.<\/p>\n<p>Ainda no domingo (18\/9) haver\u00e1 o plantio de 20 \u00e1rvores nativas da Mata Atl\u00e2ntica. Durante os dois dias de mutir\u00e3o de limpeza ser\u00e1 distribu\u00eddo o total de mil mudas de \u00e1rvores nativas e \u00e1rvores frut\u00edferas da regi\u00e3o aos participantes e comunidade em geral.<\/p>\n<p>De acordo com o secret\u00e1rio de Gest\u00e3o Ambiental, a distribui\u00e7\u00e3o de mudas conscientiza e incentiva a popula\u00e7\u00e3o a praticar o plantio de \u00e1rvores, al\u00e9m de buscar atingir o \u00edndice ideal de 12m\u00b2 por habitante de cobertura vegetal que a cidade necessita.<\/p>\n<p>J\u00e1 no dia 21 (quarta-feira), das 10h \u00e0s 16h, haver\u00e1 a distribui\u00e7\u00e3o de 500 mudas de \u00e1rvores nativas da Mata Atl\u00e2ntica pelos educadores ambientais da Prefeitura, al\u00e9m de orienta\u00e7\u00f5es sobre a conserva\u00e7\u00e3o da nossa biodiversidade. A entrega ser\u00e1 realizada na Pra\u00e7a da Matriz, que fica na Rua Marechal Deodoro, s\/n\u00ba, Centro.<\/p>\n<p>Neste mesmo dia haver\u00e1 a entrega simb\u00f3lica do plantio de 400 mudas de \u00e1rvores de esp\u00e9cies nativas na pista de caminhada da Cidade dos Direitos da Crian\u00e7a e do Adolescente de S\u00e3o Bernardo, sede da Funda\u00e7\u00e3o Crian\u00e7a, no Bairro Assun\u00e7\u00e3o. A a\u00e7\u00e3o, iniciada em junho, foi realizada pela Secretaria de Gest\u00e3o Ambiental.<\/p>\n<p><em>Fonte: Prefeitura de S\u00e3o Bernardo<\/em><\/p>\n\n<div style=\"font-size: 0px; height: 0px; line-height: 0px; margin: 0; padding: 0; clear: both;\"><\/div>","protected":false},"excerpt":{"rendered":"<p>Em comemora\u00e7\u00e3o ao Dia da \u00c1rvore, celebrado no Brasil no dia 21 de setembro, a Prefeitura de S\u00e3o Bernardo do Campo, por meio da Secretaria de Gest\u00e3o Ambiental, promover\u00e1 a\u00e7\u00f5es integradas voltadas para a sociedade em geral para refor\u00e7ar a import\u00e2ncia da preserva\u00e7\u00e3o ambiental e refletir sobre a conserva\u00e7\u00e3o da natureza e das matas. As a\u00e7\u00f5es incluir\u00e3o a entrega de 1.500 mudas de \u00e1rvores de esp\u00e9cies nativas da Mata Atl\u00e2ntica, al\u00e9m de mutir\u00f5es de limpeza em \u00e1reas de prote\u00e7\u00e3o aos mananciais. Com o tema\u00a0Qualidade de vida das Comunidades, as comemora\u00e7\u00f5es se iniciam no dia 16, a partir das 14h, com <\/p>\n","protected":false},"author":1,"featured_media":0,"comment_status":"open","ping_status":"closed","sticky":false,"template":"","format":"standard","meta":{"footnotes":""},"categories":[6],"tags":[14],"class_list":["post-463","post","type-post","status-publish","format-standard","hentry","category-noticias-em-sao-bernardo","tag-sao-bernardo"],"aioseo_notices":[],"_links":{"self":[{"href":"https:\/\/www.encontrasaobernardo.com.br\/sobre\/wp-json\/wp\/v2\/posts\/463","targetHints":{"allow":["GET"]}}],"collection":[{"href":"https:\/\/www.encontrasaobernardo.com.br\/sobre\/wp-json\/wp\/v2\/posts"}],"about":[{"href":"https:\/\/www.encontrasaobernardo.com.br\/sobre\/wp-json\/wp\/v2\/types\/post"}],"author":[{"embeddable":true,"href":"https:\/\/www.encontrasaobernardo.com.br\/sobre\/wp-json\/wp\/v2\/users\/1"}],"replies":[{"embeddable":true,"href":"https:\/\/www.encontrasaobernardo.com.br\/sobre\/wp-json\/wp\/v2\/comments?post=463"}],"version-history":[{"count":0,"href":"https:\/\/www.encontrasaobernardo.com.br\/sobre\/wp-json\/wp\/v2\/posts\/463\/revisions"}],"wp:attachment":[{"href":"https:\/\/www.encontrasaobernardo.com.br\/sobre\/wp-json\/wp\/v2\/media?parent=463"}],"wp:term":[{"taxonomy":"category","embeddable":true,"href":"https:\/\/www.encontrasaobernardo.com.br\/sobre\/wp-json\/wp\/v2\/categories?post=463"},{"taxonomy":"post_tag","embeddable":true,"href":"https:\/\/www.encontrasaobernardo.com.br\/sobre\/wp-json\/wp\/v2\/tags?post=463"}],"curies":[{"name":"wp","href":"https:\/\/api.w.org\/{rel}","templated":true}]}}